{"id":8135,"date":"2026-09-04T15:23:09","date_gmt":"2026-09-04T12:23:09","guid":{"rendered":"https:\/\/www.schooler.org.ua\/kolektivni-ta-individualni-imenniki-praktichnij-posibnik-dlja-tih\/"},"modified":"2026-09-04T15:23:09","modified_gmt":"2026-09-04T12:23:09","slug":"kolektivni-ta-individualni-imenniki-praktichnij-posibnik-dlja-tih","status":"publish","type":"post","link":"https:\/\/www.schooler.org.ua\/de\/kollektive-vs-individuelle-substantive-ein-praktischer-leitfaden-fur\/","title":{"rendered":"Kollektive vs. individuelle Substantive: Ein praktischer Leitfaden f\u00fcr Sprachlerner"},"content":{"rendered":"<p>Die meisten Menschen denken, ein Substantiv sei nur eine Person, ein Ort oder eine Sache. Sie liegen nicht falsch. Aber manche Substantive sind knifflig. Sie sehen einzigartig aus. Sie agieren singul\u00e4r. Dennoch beschreiben sie eine riesige Gruppe. <\/p>\n<p>Das sind Sammelbegriffe. <\/p>\n<p>Wenn Sie den Unterschied zwischen kollektiven und individuellen Substantiven verstehen, ver\u00e4ndert sich Ihre Sicht auf Sprache. Es vereinfacht die Kommunikation. Damit k\u00f6nnen Sie \u00fcber einen ganzen Wald sprechen, ohne jeden einzelnen Baum aufzulisten. <\/p>\n<p>Lassen Sie uns die Mechanik aufschl\u00fcsseln. <\/p>\n<h2>Was sind Sammelbegriffe?<\/h2>\n<p>Ein Sammelbegriff stellt eine Gruppe von Elementen dar, die gemeinsame Merkmale aufweisen. Es ist ein einzelnes Wort f\u00fcr eine Sammlung. <\/p>\n<p>Denken Sie an das Wort <em>Herde<\/em>. Ein Wort. Aber es enth\u00e4lt viele Tiere. <\/p>\n<p>H\u00e4ufige Beispiele sind:<br>\n&#8211; <strong>Reba\u00f1o<\/strong> (Herde\/Schafherde)<br>\n&#8211; <strong>Manada<\/strong> (Rudel W\u00f6lfe\/Tiere)<br>\n&#8211; <strong>Equipo<\/strong> (Team)<br>\n&#8211; <strong>Baraja<\/strong> (Kartenspiel)<br>\n&#8211; <strong>Olivar<\/strong> (Olivenhain)<br>\n&#8211; <strong>Cuberter\u00eda<\/strong> (Besteckset)<br>\n&#8211; <strong>Flor<\/strong> (Blumenstrau\u00df\/Blumenstrau\u00df) <\/p>\n<p>Die Grammatik ist hier streng. Auch wenn die Bedeutung im Plural steht, bleibt das Substantiv selbst im Singular. <\/p>\n<blockquote>\n<p>\u201eManada\u201c ist Einzahl. Es beschreibt L\u00f6wen. Die L\u00f6wen sind Plural. Die Gruppe ist eine Einheit. <\/p>\n<\/blockquote>\n<h2>Was sind einzelne Substantive?<\/h2>\n<p>Einzelne Substantive sind unkompliziert. Sie benennen eine Entit\u00e4t. Ein Objekt. Ein Wesen. <\/p>\n<p>Wenn \u201emanada\u201c die Gruppe ist, ist \u201ele\u00f3n\u201c (L\u00f6we) das Individuum. <\/p>\n<p>Beispiele hierf\u00fcr sind:<br>\n&#8211; <strong>Oveja<\/strong> (Schafe)<br>\n&#8211; <strong>Lobo<\/strong> (Wolf)<br>\n&#8211; <strong>Jugador<\/strong> (Spieler)<br>\n&#8211; <strong>Carta<\/strong> (Karte)<br>\n&#8211; <strong>Olivo<\/strong> (Olivenbaum)<br>\n&#8211; <strong>Tenedor<\/strong> (Gabel)<br>\n&#8211; <strong>Ramo<\/strong> (einzelnes Stiel-\/Blumenstrau\u00dfelement) <\/p>\n<p>Beide Kategorien umfassen Tiere, Menschen, Objekte, Orte und Konzepte. Zu wissen, welche Verbvereinbarung die richtige ist, hilft Ihnen bei der Auswahl der richtigen Verbvereinbarung und verdeutlicht Ihre Botschaft. <\/p>\n<h2>Tierkollektive und Einzelpaare<\/h2>\n<p>F\u00fcr Tiere gibt es oft spezifische Sammelbegriffe. Die Verwendung des richtigen Begriffs erh\u00f6ht die Pr\u00e4zision. <\/p>\n<table>\n<thead>\n<tr>\n<th style=\"text-align: left;\">Sammelbegriff<\/th>\n<th style=\"text-align: left;\">Einzelnes Substantiv<\/th>\n<\/tr>\n<\/thead>\n<tbody>\n<tr>\n<td style=\"text-align: left;\"><strong>Reba\u00f1o<\/strong> <\/td>\n<td style=\"text-align: left;\">Oveja<\/td>\n<\/tr>\n<tr>\n<td style=\"text-align: left;\"><strong>Bandada<\/strong> <\/td>\n<td style=\"text-align: left;\">Ave<\/td>\n<\/tr>\n<tr>\n<td style=\"text-align: left;\"><strong>Banco<\/strong> <\/td>\n<td style=\"text-align: left;\">Pez<\/td>\n<\/tr>\n<tr>\n<td style=\"text-align: left;\"><strong>Enjambre<\/strong> <\/td>\n<td style=\"text-align: left;\">Abeja<\/td>\n<\/tr>\n<tr>\n<td style=\"text-align: left;\"><strong>Caballada<\/strong> <\/td>\n<td style=\"text-align: left;\">Caballo<\/td>\n<\/tr>\n<tr>\n<td style=\"text-align: left;\"><strong>Nube<\/strong> <\/td>\n<td style=\"text-align: left;\">M\u00fccke<\/td>\n<\/tr>\n<tr>\n<td style=\"text-align: left;\"><strong>Piara<\/strong> <\/td>\n<td style=\"text-align: left;\">Cerdo<\/td>\n<\/tr>\n<tr>\n<td style=\"text-align: left;\"><strong>Clan<\/strong> <\/td>\n<td style=\"text-align: left;\">Hiena<\/td>\n<\/tr>\n<tr>\n<td style=\"text-align: left;\"><strong>Jaur\u00eda<\/strong> <\/td>\n<td style=\"text-align: left;\">Perro de caza<\/td>\n<\/tr>\n<tr>\n<td style=\"text-align: left;\"><strong>Hormiguero<\/strong> <\/td>\n<td style=\"text-align: left;\">Hormiga<\/td>\n<\/tr>\n<tr>\n<td style=\"text-align: left;\"><strong>Camada<\/strong> <\/td>\n<td style=\"text-align: left;\">Cachorro<\/td>\n<\/tr>\n<tr>\n<td style=\"text-align: left;\"><strong>Manada<\/strong> <\/td>\n<td style=\"text-align: left;\">Lobo, Le\u00f3n, Elefante<\/td>\n<\/tr>\n<\/tbody>\n<\/table>\n<p>Warum ist das wichtig? Wenn Sie \u201eein Rudel W\u00f6lfe\u201c sagen, meinen Sie eine soziale Jagdgruppe. Wenn Sie \u201eW\u00f6lfe\u201c sagen, meinen Sie vielleicht nur zwei davon in einem Park. Der Kontext \u00e4ndert sich mit dem Kollektiv. <\/p>\n<h2>Personen und Gruppen<\/h2>\n<p>Menschliche Organisationen st\u00fctzen sich stark auf Sammelbegriffe. Sie definieren Struktur. <\/p>\n<table>\n<thead>\n<tr>\n<th style=\"text-align: left;\">Sammelbegriff<\/th>\n<th style=\"text-align: left;\">Einzelnes Substantiv<\/th>\n<\/tr>\n<\/thead>\n<tbody>\n<tr>\n<td style=\"text-align: left;\"><strong>Ej\u00e9rcito<\/strong> <\/td>\n<td style=\"text-align: left;\">Soldado<\/td>\n<\/tr>\n<tr>\n<td style=\"text-align: left;\"><strong>Cofrad\u00eda<\/strong> <\/td>\n<td style=\"text-align: left;\">Devoto<\/td>\n<\/tr>\n<tr>\n<td style=\"text-align: left;\"><strong>Familie<\/strong> <\/td>\n<td style=\"text-align: left;\">Miembro<\/td>\n<\/tr>\n<tr>\n<td style=\"text-align: left;\"><strong>Alumnado<\/strong> <\/td>\n<td style=\"text-align: left;\">Student<\/td>\n<\/tr>\n<tr>\n<td style=\"text-align: left;\"><strong>Gremio<\/strong> <\/td>\n<td style=\"text-align: left;\">Trabajador<\/td>\n<\/tr>\n<tr>\n<td style=\"text-align: left;\"><strong>Elenco<\/strong> <\/td>\n<td style=\"text-align: left;\">Schauspieler<\/td>\n<\/tr>\n<tr>\n<td style=\"text-align: left;\"><strong>Tropa<\/strong> <\/td>\n<td style=\"text-align: left;\">Explorador, Soldado<\/td>\n<\/tr>\n<tr>\n<td style=\"text-align: left;\"><strong>Vecindario<\/strong> <\/td>\n<td style=\"text-align: left;\">Vecino<\/td>\n<\/tr>\n<tr>\n<td style=\"text-align: left;\"><strong>Orquesta<\/strong> <\/td>\n<td style=\"text-align: left;\">Musik<\/td>\n<\/tr>\n<tr>\n<td style=\"text-align: left;\"><strong>Coro<\/strong> <\/td>\n<td style=\"text-align: left;\">Cantante<\/td>\n<\/tr>\n<tr>\n<td style=\"text-align: left;\"><strong>Tropel<\/strong> <\/td>\n<td style=\"text-align: left;\">Einzelperson<\/td>\n<\/tr>\n<tr>\n<td style=\"text-align: left;\"><strong>Horda<\/strong> <\/td>\n<td style=\"text-align: left;\">Nomade<\/td>\n<\/tr>\n<tr>\n<td style=\"text-align: left;\"><strong>Professor<\/strong> <\/td>\n<td style=\"text-align: left;\">Professor<\/td>\n<\/tr>\n<tr>\n<td style=\"text-align: left;\"><strong>Compa\u00f1\u00eda<\/strong> <\/td>\n<td style=\"text-align: left;\">Bailar\u00edn<\/td>\n<\/tr>\n<tr>\n<td style=\"text-align: left;\"><strong>Cuadrilla<\/strong> <\/td>\n<td style=\"text-align: left;\">Alba\u00f1il<\/td>\n<\/tr>\n<tr>\n<td style=\"text-align: left;\"><strong>\u00d6ffentlich<\/strong> <\/td>\n<td style=\"text-align: left;\">Zuschauer<\/td>\n<\/tr>\n<tr>\n<td style=\"text-align: left;\"><strong>Patrulla<\/strong> <\/td>\n<td style=\"text-align: left;\">Polizei<\/td>\n<\/tr>\n<\/tbody>\n<\/table>\n<p>Denken Sie an \u201eAlumnado\u201c (Studentenschaft). Sie sagen nicht: \u201eDie Studentenschaft ist da.\u201c Sie sagen: \u201eDie Studentenschaft ist da.\u201c Das Verb im Singular stimmt mit dem Sammelbegriff im Singular \u00fcberein, auch wenn Dutzende Personen anwesend sind. <\/p>\n<h2>Objekte und Sammlungen<\/h2>\n<p>Objekte werden kollektiv, wenn sie nach Funktion oder Ort gruppiert werden.<\/p>\n<table>\n<thead>\n<tr>\n<th style=\"text-align: left;\">Sammelbegriff<\/th>\n<th style=\"text-align: left;\">Einzelnes Substantiv<\/th>\n<\/tr>\n<\/thead>\n<tbody>\n<tr>\n<td style=\"text-align: left;\"><strong>Biblioteca<\/strong> <\/td>\n<td style=\"text-align: left;\">Buch<\/td>\n<\/tr>\n<tr>\n<td style=\"text-align: left;\"><strong>Escuadr\u00f3n<\/strong> <\/td>\n<td style=\"text-align: left;\">Avi\u00f3n<\/td>\n<\/tr>\n<tr>\n<td style=\"text-align: left;\"><strong>Ristra<\/strong> <\/td>\n<td style=\"text-align: left;\">Ajo<\/td>\n<\/tr>\n<tr>\n<td style=\"text-align: left;\"><strong>Kolonie<\/strong> <\/td>\n<td style=\"text-align: left;\">Vivienda<\/td>\n<\/tr>\n<tr>\n<td style=\"text-align: left;\"><strong>Archipel<\/strong> <\/td>\n<td style=\"text-align: left;\">Insel<\/td>\n<\/tr>\n<tr>\n<td style=\"text-align: left;\"><strong>Manojo<\/strong> <\/td>\n<td style=\"text-align: left;\">Esparrago<\/td>\n<\/tr>\n<tr>\n<td style=\"text-align: left;\"><strong>Bosque<\/strong> <\/td>\n<td style=\"text-align: left;\">Arbol<\/td>\n<\/tr>\n<tr>\n<td style=\"text-align: left;\"><strong>Vajilla<\/strong> <\/td>\n<td style=\"text-align: left;\">Platon<\/td>\n<\/tr>\n<tr>\n<td style=\"text-align: left;\"><strong>Ramo<\/strong> <\/td>\n<td style=\"text-align: left;\">Flor<\/td>\n<\/tr>\n<tr>\n<td style=\"text-align: left;\"><strong>Religion<\/strong> <\/td>\n<td style=\"text-align: left;\">Dogma<\/td>\n<\/tr>\n<tr>\n<td style=\"text-align: left;\"><strong>Cosecha<\/strong> <\/td>\n<td style=\"text-align: left;\">Fruto<\/td>\n<\/tr>\n<tr>\n<td style=\"text-align: left;\"><strong>Konstellation<\/strong> <\/td>\n<td style=\"text-align: left;\">Estrella<\/td>\n<\/tr>\n<tr>\n<td style=\"text-align: left;\"><strong>Pinar<\/strong> <\/td>\n<td style=\"text-align: left;\">Pino<\/td>\n<\/tr>\n<tr>\n<td style=\"text-align: left;\"><strong>Kordillere<\/strong> <\/td>\n<td style=\"text-align: left;\">Monta\u00f1a<\/td>\n<\/tr>\n<tr>\n<td style=\"text-align: left;\"><strong>Baraja<\/strong> <\/td>\n<td style=\"text-align: left;\">Naipe<\/td>\n<\/tr>\n<tr>\n<td style=\"text-align: left;\"><strong>Racimo<\/strong> <\/td>\n<td style=\"text-align: left;\">Uva<\/td>\n<\/tr>\n<tr>\n<td style=\"text-align: left;\"><strong>Galerie<\/strong> <\/td>\n<td style=\"text-align: left;\">Retrato<\/td>\n<\/tr>\n<tr>\n<td style=\"text-align: left;\"><strong>System<\/strong> <\/td>\n<td style=\"text-align: left;\">Organo<\/td>\n<\/tr>\n<tr>\n<td style=\"text-align: left;\"><strong>Ideologie<\/strong> <\/td>\n<td style=\"text-align: left;\">Idee<\/td>\n<\/tr>\n<\/tbody>\n<\/table>\n<p>Stellen Sie sich ein \u201eKartenspiel\u201c (<em>baraja<\/em> ) vor. Es ist ein Objekt. Aber darin sind zweiundf\u00fcnfzig einzelne Karten (<em>naipes<\/em> ). Das Kollektiv vereinfacht die mentale Belastung. Du z\u00e4hlst die Karten nicht. Du h\u00e4ltst das Deck. <\/p>\n<h2>Verwendung von Sammelbegriffen in S\u00e4tzen<\/h2>\n<p>Sehen Sie, wie die Grammatik in Aktion funktioniert. Das Verb bleibt im Singular. <\/p>\n<ul>\n<li>Der Dokumentarfilm handelt von einem <strong>Rudel<\/strong> L\u00f6wen. (<em>Der Dokumentarfilm handelt von einer Manada de Leones.<\/em> ) <\/li>\n<li>Javier ist Teil der <strong>Besetzung<\/strong>. (*Javier ist einer der Loser<\/li>\n<\/ul>\n","protected":false},"excerpt":{"rendered":"<p>Die meisten Menschen denken, ein Substantiv sei nur eine Person, ein Ort oder eine Sache. Sie liegen nicht falsch. Aber manche Substantive sind knifflig. Sie sehen einzigartig aus. Sie agieren singul\u00e4r. Dennoch beschreiben sie eine riesige Gruppe. Das sind Sammelbegriffe. Wenn Sie den Unterschied zwischen kollektiven und individuellen Substantiven verstehen, ver\u00e4ndert sich Ihre Sicht auf [&hellip;]<\/p>\n","protected":false},"author":1,"featured_media":8127,"comment_status":"open","ping_status":"open","sticky":false,"template":"","format":"standard","meta":{"tdm_status":"","tdm_grid_status":""},"categories":[49],"tags":[],"wpm_language_slugs":{"cs":"spolecna-a-individualni-podstatna-jmena-prakticky-pruvodce-pro","de":"kollektive-vs-individuelle-substantive-ein-praktischer-leitfaden-fur","en":"collective-vs-individual-nouns-a-practical-guide-for-language-learners","es":"sustantivos-colectivos-versus-individuales-una-guia-practica-para","fr":"noms-collectifs-ou-noms-individuels-un-guide-pratique-pour-les","id":"kata-benda-kolektif-vs-individu-panduan-praktis-untuk-pembelajar","it":"nomi-collettivi-e-individuali-una-guida-pratica-per-studenti-di-lingue","nl":"collectieve-versus-individuele-zelfstandige-naamwoorden-een-praktische","pl":"rzeczowniki-zbiorowe-i-indywidualne-praktyczny-przewodnik-dla-osob","pt":"substantivos-coletivos-versus-individuais-um-guia-pratico-para","ru-ru":"kollektivnye-i-individualnye-suschestvitelnye-prakticheskoe","uk-ua":"kolektivni-ta-individualni-imenniki-praktichnij-posibnik-dlja-tih"},"amp_enabled":true,"_links":{"self":[{"href":"https:\/\/www.schooler.org.ua\/de\/wp-json\/wp\/v2\/posts\/8135"}],"collection":[{"href":"https:\/\/www.schooler.org.ua\/de\/wp-json\/wp\/v2\/posts"}],"about":[{"href":"https:\/\/www.schooler.org.ua\/de\/wp-json\/wp\/v2\/types\/post"}],"author":[{"embeddable":true,"href":"https:\/\/www.schooler.org.ua\/de\/wp-json\/wp\/v2\/users\/1"}],"replies":[{"embeddable":true,"href":"https:\/\/www.schooler.org.ua\/de\/wp-json\/wp\/v2\/comments?post=8135"}],"version-history":[{"count":0,"href":"https:\/\/www.schooler.org.ua\/de\/wp-json\/wp\/v2\/posts\/8135\/revisions"}],"wp:featuredmedia":[{"embeddable":true,"href":"https:\/\/www.schooler.org.ua\/de\/wp-json\/wp\/v2\/media\/8127"}],"wp:attachment":[{"href":"https:\/\/www.schooler.org.ua\/de\/wp-json\/wp\/v2\/media?parent=8135"}],"wp:term":[{"taxonomy":"category","embeddable":true,"href":"https:\/\/www.schooler.org.ua\/de\/wp-json\/wp\/v2\/categories?post=8135"},{"taxonomy":"post_tag","embeddable":true,"href":"https:\/\/www.schooler.org.ua\/de\/wp-json\/wp\/v2\/tags?post=8135"}],"curies":[{"name":"wp","href":"https:\/\/api.w.org\/{rel}","templated":true}]}}