{"id":8135,"date":"2026-09-04T15:23:09","date_gmt":"2026-09-04T12:23:09","guid":{"rendered":"https:\/\/www.schooler.org.ua\/kolektivni-ta-individualni-imenniki-praktichnij-posibnik-dlja-tih\/"},"modified":"2026-09-04T15:23:09","modified_gmt":"2026-09-04T12:23:09","slug":"kolektivni-ta-individualni-imenniki-praktichnij-posibnik-dlja-tih","status":"publish","type":"post","link":"https:\/\/www.schooler.org.ua\/es\/sustantivos-colectivos-versus-individuales-una-guia-practica-para\/","title":{"rendered":"Sustantivos colectivos versus individuales: una gu\u00eda pr\u00e1ctica para estudiantes de idiomas"},"content":{"rendered":"<p>La mayor\u00eda de la gente piensa que un sustantivo es s\u00f3lo una persona, un lugar o una cosa. No se equivocan. Pero algunos sustantivos son complicados. Se ven singulares. Act\u00faan singularmente. Sin embargo, describen un grupo masivo. <\/p>\n<p>Estos son sustantivos colectivos. <\/p>\n<p>Comprender la diferencia entre sustantivos colectivos e individuales cambia la forma en que ves el lenguaje. Simplifica la comunicaci\u00f3n. Te permite hablar de un bosque completo sin enumerar todos los \u00e1rboles. <\/p>\n<p>Analicemos la mec\u00e1nica. <\/p>\n<h2>\u00bfQu\u00e9 son los sustantivos colectivos?<\/h2>\n<p>Un sustantivo colectivo representa un grupo de elementos que comparten caracter\u00edsticas comunes. Es una sola palabra para una colecci\u00f3n. <\/p>\n<p>Piensa en la palabra <em>reba\u00f1o<\/em>. Una palabra. Pero contiene muchos animales. <\/p>\n<p>Los ejemplos comunes incluyen:<br>\n&#8211; <strong>Reba\u00f1o<\/strong> (reba\u00f1o\/reba\u00f1o de ovejas)<br>\n&#8211; <strong>Manada<\/strong> (manada de lobos\/animales)<br>\n&#8211; <strong>Equipo<\/strong> (equipo)<br>\n&#8211; <strong>Baraja<\/strong> (baraja de cartas)<br>\n&#8211; <strong>Olivar<\/strong> (olivar)<br>\n&#8211; <strong>Cuberter\u00eda<\/strong> (juego de cubiertos)<br>\n&#8211; <strong>Flor<\/strong> (ramo\/ramo de flores) <\/p>\n<p>La gram\u00e1tica es estricta aqu\u00ed. Aunque el significado es plural, el sustantivo en s\u00ed permanece singular. <\/p>\n<blockquote>\n<p>&#8220;Manada&#8221; es singular. Describe leones. Los leones son plurales. El grupo es una unidad. <\/p>\n<\/blockquote>\n<h2>\u00bfQu\u00e9 son los sustantivos individuales?<\/h2>\n<p>Los sustantivos individuales son sencillos. Nombran una entidad. Un objeto. Un ser. <\/p>\n<p>Si manada es el grupo, le\u00f3n es el individuo. <\/p>\n<p>Los ejemplos incluyen:<br>\n&#8211; <strong>Oveja<\/strong> (oveja)<br>\n&#8211; <strong>Lobo<\/strong> (lobo)<br>\n&#8211; <strong>Jugador<\/strong> (jugador)<br>\n&#8211; <strong>Carta<\/strong> (tarjeta)<br>\n&#8211; <strong>Olivo<\/strong> (olivo)<br>\n&#8211; <strong>Tenedor<\/strong> (tenedor)<br>\n&#8211; <strong>Ramo<\/strong> (elemento de tallo \u00fanico\/ramo) <\/p>\n<p>Ambas categor\u00edas cubren animales, personas, objetos, lugares y conceptos. Saber cu\u00e1l es cu\u00e1l te ayuda a elegir la concordancia verbal correcta y aclara tu mensaje. <\/p>\n<h2>Animales colectivos y parejas individuales.<\/h2>\n<p>Los animales suelen tener t\u00e9rminos colectivos espec\u00edficos. Usar el t\u00e9rmino correcto agrega precisi\u00f3n. <\/p>\n<table>\n<thead>\n<tr>\n<th style=\"text-align: left;\">Sustantivo colectivo<\/th>\n<th style=\"text-align: left;\">Sustantivo individual<\/th>\n<\/tr>\n<\/thead>\n<tbody>\n<tr>\n<td style=\"text-align: left;\"><strong>Reba\u00f1o<\/strong> <\/td>\n<td style=\"text-align: left;\">Oveja<\/td>\n<\/tr>\n<tr>\n<td style=\"text-align: left;\"><strong>Banda<\/strong> <\/td>\n<td style=\"text-align: left;\">Avenida<\/td>\n<\/tr>\n<tr>\n<td style=\"text-align: left;\"><strong>Banco<\/strong> <\/td>\n<td style=\"text-align: left;\">Pez<\/td>\n<\/tr>\n<tr>\n<td style=\"text-align: left;\"><strong>Enjambre<\/strong> <\/td>\n<td style=\"text-align: left;\">Abeja<\/td>\n<\/tr>\n<tr>\n<td style=\"text-align: left;\"><strong>Caballada<\/strong> <\/td>\n<td style=\"text-align: left;\">Caballo<\/td>\n<\/tr>\n<tr>\n<td style=\"text-align: left;\"><strong>Nube<\/strong> <\/td>\n<td style=\"text-align: left;\">Mosquito<\/td>\n<\/tr>\n<tr>\n<td style=\"text-align: left;\"><strong>Piara<\/strong> <\/td>\n<td style=\"text-align: left;\">Cerdo<\/td>\n<\/tr>\n<tr>\n<td style=\"text-align: left;\"><strong>Clan<\/strong> <\/td>\n<td style=\"text-align: left;\">Hiena<\/td>\n<\/tr>\n<tr>\n<td style=\"text-align: left;\"><strong>Jaur\u00eda<\/strong> <\/td>\n<td style=\"text-align: left;\">Perro de caza<\/td>\n<\/tr>\n<tr>\n<td style=\"text-align: left;\"><strong>Hormiguero<\/strong> <\/td>\n<td style=\"text-align: left;\">Hormiga<\/td>\n<\/tr>\n<tr>\n<td style=\"text-align: left;\"><strong>Camada<\/strong> <\/td>\n<td style=\"text-align: left;\">Cachorro<\/td>\n<\/tr>\n<tr>\n<td style=\"text-align: left;\"><strong>Manad\u00e1<\/strong> <\/td>\n<td style=\"text-align: left;\">Lobo, Le\u00f3n, Elefante<\/td>\n<\/tr>\n<\/tbody>\n<\/table>\n<p>\u00bfPor qu\u00e9 esto importa? Si dices &#8220;una manada de lobos&#8221;, te refieres a un grupo social de caza. Si dices &#8220;lobos&#8221;, quiz\u00e1s te refieras a dos de ellos en un parque. El contexto cambia con el colectivo. <\/p>\n<h2>Personas y grupos<\/h2>\n<p>Las organizaciones humanas dependen en gran medida de sustantivos colectivos. Definen la estructura. <\/p>\n<table>\n<thead>\n<tr>\n<th style=\"text-align: left;\">Sustantivo colectivo<\/th>\n<th style=\"text-align: left;\">Sustantivo individual<\/th>\n<\/tr>\n<\/thead>\n<tbody>\n<tr>\n<td style=\"text-align: left;\"><strong>Ej\u00e9rcito<\/strong> <\/td>\n<td style=\"text-align: left;\">soldado<\/td>\n<\/tr>\n<tr>\n<td style=\"text-align: left;\"><strong>Cofrad\u00eda<\/strong> <\/td>\n<td style=\"text-align: left;\">Devoto<\/td>\n<\/tr>\n<tr>\n<td style=\"text-align: left;\"><strong>Familia<\/strong> <\/td>\n<td style=\"text-align: left;\">Miembro<\/td>\n<\/tr>\n<tr>\n<td style=\"text-align: left;\"><strong>Alumnado<\/strong> <\/td>\n<td style=\"text-align: left;\">Estudiante<\/td>\n<\/tr>\n<tr>\n<td style=\"text-align: left;\"><strong>Gremio<\/strong> <\/td>\n<td style=\"text-align: left;\">Trabajador<\/td>\n<\/tr>\n<tr>\n<td style=\"text-align: left;\"><strong>Elenco<\/strong> <\/td>\n<td style=\"text-align: left;\">Actor<\/td>\n<\/tr>\n<tr>\n<td style=\"text-align: left;\"><strong>tropa<\/strong> <\/td>\n<td style=\"text-align: left;\">Explorador, Soldado<\/td>\n<\/tr>\n<tr>\n<td style=\"text-align: left;\"><strong>Vecindario<\/strong> <\/td>\n<td style=\"text-align: left;\">Vecino<\/td>\n<\/tr>\n<tr>\n<td style=\"text-align: left;\"><strong>Orquesta<\/strong> <\/td>\n<td style=\"text-align: left;\">M\u00fasica<\/td>\n<\/tr>\n<tr>\n<td style=\"text-align: left;\"><strong>Coro<\/strong> <\/td>\n<td style=\"text-align: left;\">Cantante<\/td>\n<\/tr>\n<tr>\n<td style=\"text-align: left;\"><strong>Tropel<\/strong> <\/td>\n<td style=\"text-align: left;\">Individual<\/td>\n<\/tr>\n<tr>\n<td style=\"text-align: left;\"><strong>Horda<\/strong> <\/td>\n<td style=\"text-align: left;\">N\u00f3mada<\/td>\n<\/tr>\n<tr>\n<td style=\"text-align: left;\"><strong>Profesor<\/strong> <\/td>\n<td style=\"text-align: left;\">Profesor<\/td>\n<\/tr>\n<tr>\n<td style=\"text-align: left;\"><strong>Compa\u00f1\u00eda<\/strong> <\/td>\n<td style=\"text-align: left;\">Bailar\u00edn<\/td>\n<\/tr>\n<tr>\n<td style=\"text-align: left;\"><strong>Cuadrilla<\/strong> <\/td>\n<td style=\"text-align: left;\">Alba\u00f1il<\/td>\n<\/tr>\n<tr>\n<td style=\"text-align: left;\"><strong>P\u00fablico<\/strong> <\/td>\n<td style=\"text-align: left;\">Espectador<\/td>\n<\/tr>\n<tr>\n<td style=\"text-align: left;\"><strong>Patrulla<\/strong> <\/td>\n<td style=\"text-align: left;\">Policia<\/td>\n<\/tr>\n<\/tbody>\n<\/table>\n<p>Considere &#8220;Alumnado&#8221; (cuerpo estudiantil). No se dice &#8220;los estudiantes est\u00e1n aqu\u00ed&#8221;. Dices &#8220;el alumnado est\u00e1 aqu\u00ed&#8221;. El verbo singular coincide con el sustantivo colectivo singular, aunque est\u00e9n presentes decenas de personas. <\/p>\n<h2>Objetos y Colecciones<\/h2>\n<p>Los objetos se vuelven colectivos cuando se agrupan por funci\u00f3n o ubicaci\u00f3n.<\/p>\n<table>\n<thead>\n<tr>\n<th style=\"text-align: left;\">Sustantivo colectivo<\/th>\n<th style=\"text-align: left;\">Sustantivo individual<\/th>\n<\/tr>\n<\/thead>\n<tbody>\n<tr>\n<td style=\"text-align: left;\"><strong>Biblioteca<\/strong> <\/td>\n<td style=\"text-align: left;\">Libro<\/td>\n<\/tr>\n<tr>\n<td style=\"text-align: left;\"><strong>Escuadr\u00f3n<\/strong> <\/td>\n<td style=\"text-align: left;\">Avi\u00f3n<\/td>\n<\/tr>\n<tr>\n<td style=\"text-align: left;\"><strong>Ristra<\/strong> <\/td>\n<td style=\"text-align: left;\">Aj\u00f3<\/td>\n<\/tr>\n<tr>\n<td style=\"text-align: left;\"><strong>Colonia<\/strong> <\/td>\n<td style=\"text-align: left;\">Vivienda<\/td>\n<\/tr>\n<tr>\n<td style=\"text-align: left;\"><strong>Archipi\u00e9lago<\/strong> <\/td>\n<td style=\"text-align: left;\">Isla<\/td>\n<\/tr>\n<tr>\n<td style=\"text-align: left;\"><strong>Manojo<\/strong> <\/td>\n<td style=\"text-align: left;\">Esp\u00e1rrago<\/td>\n<\/tr>\n<tr>\n<td style=\"text-align: left;\"><strong>Bosque<\/strong> <\/td>\n<td style=\"text-align: left;\">Arbol<\/td>\n<\/tr>\n<tr>\n<td style=\"text-align: left;\"><strong>Vajillas<\/strong> <\/td>\n<td style=\"text-align: left;\">Plat\u00f3n<\/td>\n<\/tr>\n<tr>\n<td style=\"text-align: left;\"><strong>Ramo<\/strong> <\/td>\n<td style=\"text-align: left;\">flor<\/td>\n<\/tr>\n<tr>\n<td style=\"text-align: left;\"><strong>Religi\u00f3n<\/strong> <\/td>\n<td style=\"text-align: left;\">Dogma<\/td>\n<\/tr>\n<tr>\n<td style=\"text-align: left;\"><strong>Cosecha<\/strong> <\/td>\n<td style=\"text-align: left;\">Fruto<\/td>\n<\/tr>\n<tr>\n<td style=\"text-align: left;\"><strong>Constelaci\u00f3n<\/strong> <\/td>\n<td style=\"text-align: left;\">Estrella<\/td>\n<\/tr>\n<tr>\n<td style=\"text-align: left;\"><strong>Pinar<\/strong> <\/td>\n<td style=\"text-align: left;\">Pino<\/td>\n<\/tr>\n<tr>\n<td style=\"text-align: left;\"><strong>Cordillera<\/strong> <\/td>\n<td style=\"text-align: left;\">Monta\u00f1a<\/td>\n<\/tr>\n<tr>\n<td style=\"text-align: left;\"><strong>Baraja<\/strong> <\/td>\n<td style=\"text-align: left;\">Naipe<\/td>\n<\/tr>\n<tr>\n<td style=\"text-align: left;\"><strong>Racimo<\/strong> <\/td>\n<td style=\"text-align: left;\">uva<\/td>\n<\/tr>\n<tr>\n<td style=\"text-align: left;\"><strong>Galer\u00eda<\/strong> <\/td>\n<td style=\"text-align: left;\">Retrato<\/td>\n<\/tr>\n<tr>\n<td style=\"text-align: left;\"><strong>Sistema<\/strong> <\/td>\n<td style=\"text-align: left;\">\u00d3rgano<\/td>\n<\/tr>\n<tr>\n<td style=\"text-align: left;\"><strong>Ideolog\u00eda<\/strong> <\/td>\n<td style=\"text-align: left;\">Ideas<\/td>\n<\/tr>\n<\/tbody>\n<\/table>\n<p>Piense en una &#8220;baraja de cartas&#8221; (<em>baraja<\/em> ). Es un objeto. Pero dentro hay cincuenta y dos tarjetas individuales (<em>naipes<\/em> ). El colectivo simplifica la carga mental. No cuentas las cartas. T\u00fa sostienes la baraja. <\/p>\n<h2>Uso de sustantivos colectivos en oraciones<\/h2>\n<p>Vea c\u00f3mo funciona la gram\u00e1tica en acci\u00f3n. El verbo permanece singular. <\/p>\n<ul>\n<li>El documental trata sobre una <strong>manada<\/strong> de leones. (<em>El documental trata sobre una manada de leones.<\/em> ) <\/li>\n<li>Javier es parte del <strong>cast<\/strong>. (*Javier es uno de los<\/li>\n<\/ul>\n","protected":false},"excerpt":{"rendered":"<p>La mayor\u00eda de la gente piensa que un sustantivo es s\u00f3lo una persona, un lugar o una cosa. No se equivocan. Pero algunos sustantivos son complicados. Se ven singulares. Act\u00faan singularmente. Sin embargo, describen un grupo masivo. Estos son sustantivos colectivos. Comprender la diferencia entre sustantivos colectivos e individuales cambia la forma en que ves [&hellip;]<\/p>\n","protected":false},"author":1,"featured_media":8127,"comment_status":"open","ping_status":"open","sticky":false,"template":"","format":"standard","meta":{"tdm_status":"","tdm_grid_status":""},"categories":[49],"tags":[],"wpm_language_slugs":{"cs":"spolecna-a-individualni-podstatna-jmena-prakticky-pruvodce-pro","de":"kollektive-vs-individuelle-substantive-ein-praktischer-leitfaden-fur","en":"collective-vs-individual-nouns-a-practical-guide-for-language-learners","es":"sustantivos-colectivos-versus-individuales-una-guia-practica-para","fr":"noms-collectifs-ou-noms-individuels-un-guide-pratique-pour-les","id":"kata-benda-kolektif-vs-individu-panduan-praktis-untuk-pembelajar","it":"nomi-collettivi-e-individuali-una-guida-pratica-per-studenti-di-lingue","nl":"collectieve-versus-individuele-zelfstandige-naamwoorden-een-praktische","pl":"rzeczowniki-zbiorowe-i-indywidualne-praktyczny-przewodnik-dla-osob","pt":"substantivos-coletivos-versus-individuais-um-guia-pratico-para","ru-ru":"kollektivnye-i-individualnye-suschestvitelnye-prakticheskoe","uk-ua":"kolektivni-ta-individualni-imenniki-praktichnij-posibnik-dlja-tih"},"amp_enabled":true,"_links":{"self":[{"href":"https:\/\/www.schooler.org.ua\/es\/wp-json\/wp\/v2\/posts\/8135"}],"collection":[{"href":"https:\/\/www.schooler.org.ua\/es\/wp-json\/wp\/v2\/posts"}],"about":[{"href":"https:\/\/www.schooler.org.ua\/es\/wp-json\/wp\/v2\/types\/post"}],"author":[{"embeddable":true,"href":"https:\/\/www.schooler.org.ua\/es\/wp-json\/wp\/v2\/users\/1"}],"replies":[{"embeddable":true,"href":"https:\/\/www.schooler.org.ua\/es\/wp-json\/wp\/v2\/comments?post=8135"}],"version-history":[{"count":0,"href":"https:\/\/www.schooler.org.ua\/es\/wp-json\/wp\/v2\/posts\/8135\/revisions"}],"wp:featuredmedia":[{"embeddable":true,"href":"https:\/\/www.schooler.org.ua\/es\/wp-json\/wp\/v2\/media\/8127"}],"wp:attachment":[{"href":"https:\/\/www.schooler.org.ua\/es\/wp-json\/wp\/v2\/media?parent=8135"}],"wp:term":[{"taxonomy":"category","embeddable":true,"href":"https:\/\/www.schooler.org.ua\/es\/wp-json\/wp\/v2\/categories?post=8135"},{"taxonomy":"post_tag","embeddable":true,"href":"https:\/\/www.schooler.org.ua\/es\/wp-json\/wp\/v2\/tags?post=8135"}],"curies":[{"name":"wp","href":"https:\/\/api.w.org\/{rel}","templated":true}]}}