{"id":7676,"date":"2026-04-25T18:35:58","date_gmt":"2026-04-25T15:35:58","guid":{"rendered":"https:\/\/www.schooler.org.ua\/uk-uavid-shodu-zemli-do-zahid-zemli-chi-zmozhut-novi-misjachni-misiyi\/"},"modified":"2026-04-25T18:35:58","modified_gmt":"2026-04-25T15:35:58","slug":"uk-uavid-shodu-zemli-do-zahid-zemli-chi-zmozhut-novi-misjachni-misiyi","status":"publish","type":"post","link":"https:\/\/www.schooler.org.ua\/fr\/uk-uavid-shodu-zemli-do-zahid-zemli-chi-zmozhut-novi-misjachni-misiyi\/","title":{"rendered":"Du lever au coucher de la Terre\u00a0: les missions de nouvelle lune peuvent-elles r\u00e9veiller notre conscience environnementale\u00a0?"},"content":{"rendered":"<p>La r\u00e9cente conclusion de la mission <strong>Artemis II<\/strong> de la NASA a fourni bien plus que de simples donn\u00e9es scientifiques ; il a livr\u00e9 un moment visuel profond. Alors que l\u2019\u00e9quipage voyageait autour de la Lune, ils ont captur\u00e9 une image saisissante de la Terre : un croissant bleu vif suspendu au-dessus d\u2019un paysage lunaire d\u00e9sol\u00e9 et crat\u00e9ris\u00e9. <\/p>\n<p>Bien que l&#8217;image semble \u00e9tonnamment famili\u00e8re, elle constitue un \u00e9cho moderne de l&#8217;une des photographies les plus influentes de l&#8217;histoire de l&#8217;humanit\u00e9\u00a0: le <strong>&#8220;Earthrise&#8221;<\/strong> de 1968, pris depuis la mission Apollo 8. Alors que nous entrons dans une nouvelle \u00e8re d\u2019exploration lunaire, une question cruciale se pose : ces nouvelles perspectives peuvent-elles relancer le mouvement environnemental mondial que l\u2019\u00e8re Apollo a autrefois inspir\u00e9 ? <\/p>\n<h3>L&#8217;h\u00e9ritage de l&#8217;\u00e8re Apollo<\/h3>\n<p>En 1968, le monde \u00e9tait diff\u00e9rent. Les vols spatiaux habit\u00e9s en \u00e9taient \u00e0 leurs balbutiements et personne n\u2019avait jamais vu la Terre au-del\u00e0 de l\u2019orbite terrestre basse. Lorsque les astronautes d\u2019Apollo 8 se sont retourn\u00e9s vers notre plan\u00e8te natale, l\u2019exp\u00e9rience a \u00e9t\u00e9 transformatrice. <\/p>\n<p>Les historiens notent qu\u2019il ne s\u2019agissait pas seulement d\u2019une \u00e9tape scientifique\u00a0; c&#8217;\u00e9tait une question spirituelle. Les images captur\u00e9es lors des missions Apollo, notamment &#8220;Earthrise&#8221; et &#8220;Blue Marble&#8221; de 1972, ont eu un effet sans pr\u00e9c\u00e9dent\u00a0:<br>\n&#8211; <strong>Ils ont fourni l&#8217;\u00e9chelle\u00a0:<\/strong> L&#8217;humanit\u00e9 consid\u00e9rait la Terre non pas comme une \u00e9tendue infinie, mais comme une sph\u00e8re solitaire et fragile.<br>\n&#8211; <strong>Ils ont aliment\u00e9 l&#8217;activisme\u00a0:<\/strong> Ces images sont devenues l&#8217;\u00e9pine dorsale visuelle du premier <strong>Jour de la Terre en 1970<\/strong>, contribuant ainsi \u00e0 transformer l&#8217;environnementalisme d&#8217;une pr\u00e9occupation de niche en un mouvement mondial grand public.<br>\n&#8211; <strong>Ils ont fait le pont entre science et symbolisme\u00a0:<\/strong> La capacit\u00e9 de la NASA \u00e0 associer des images haute r\u00e9solution avec des donn\u00e9es sur l&#8217;appauvrissement de la couche d&#8217;ozone et la pollution a fait de la photographie spatiale un outil puissant de d\u00e9fense de l&#8217;environnement. <\/p>\n<h3>Le changement Artemis\u00a0: de \u00ab\u00a0Rise\u00a0\u00bb \u00e0 \u00ab\u00a0Set\u00a0\u00bb<\/h3>\n<p>La mission Artemis II marque la premi\u00e8re fois que des humains quittent l&#8217;orbite terrestre depuis 1972. Cependant, le contexte de ce voyage est tr\u00e8s diff\u00e9rent. Alors que l&#8217;\u00e8re Apollo traitait de la pollution visible et de la conservation, l&#8217;\u00e8re Art\u00e9mis est d\u00e9finie par la lutte existentielle, souvent politis\u00e9e, contre le <strong>changement climatique<\/strong>. <\/p>\n<p>Les nouvelles images publi\u00e9es par la NASA ont \u00e9t\u00e9 \u00e0 juste titre, bien que peut-\u00eatre involontairement, surnomm\u00e9es <strong>\u00ab\u00a0Terre\u00a0\u00bb.<\/strong> Ce terme refl\u00e8te la trajectoire de la mission, mais les historiens sugg\u00e8rent qu&#8217;il sert \u00e9galement de m\u00e9taphore de notre moment culturel actuel. <\/p>\n<blockquote>\n<p>&#8220;Cela capture parfaitement ce moment culturel o\u00f9 nous sommes confront\u00e9s \u00e0 la crise mondiale la plus importante de l&#8217;histoire de l&#8217;humanit\u00e9&#8230; et la Terre est en p\u00e9ril \u00e0 cause de cela.&#8221; \u2014 <em>Neil Maher, historien de l&#8217;environnement<\/em> <\/p>\n<\/blockquote>\n<h3>Un nouveau sens du \u00ab sublime \u00bb<\/h3>\n<p>Pour les astronautes modernes, la vision reste aussi choquante que pour leurs pr\u00e9d\u00e9cesseurs. L&#8217;astronaute de la NASA Christina Koch a d\u00e9crit la Terre comme un \u00ab canot de sauvetage \u00bb suspendu tranquillement dans un vaste vide noir. Ce sentiment de \u00ab sublime \u00bb \u2013 un m\u00e9lange de crainte et de terreur \u2013 est un ph\u00e9nom\u00e8ne psychologique qui a toujours pouss\u00e9 les humains \u00e0 prot\u00e9ger le monde naturel. <\/p>\n<p>Cependant, le programme Artemis est confront\u00e9 \u00e0 des d\u00e9fis uniques que l\u2019\u00e8re Apollo n\u2019a pas rencontr\u00e9s\u00a0:<br>\n1. <strong>Polarisation politique\u00a0:<\/strong> Contrairement \u00e0 l&#8217;environnementalisme du \u00ab bon sens \u00bb des ann\u00e9es 1970, la science du climat est aujourd&#8217;hui profond\u00e9ment divis\u00e9e par des lignes politiques.<br>\n2. <strong>Incertitudes en mati\u00e8re de financement\u00a0:<\/strong> La division scientifique de la NASA est confront\u00e9e \u00e0 d&#8217;importantes pressions budg\u00e9taires, avec des r\u00e9ductions propos\u00e9es qui pourraient avoir un impact sur la capacit\u00e9 de l&#8217;agence \u00e0 mener des recherches dans l&#8217;espace lointain.<br>\n3. <strong>Fatigue visuelle\u00a0:<\/strong> \u00c0 l&#8217;\u00e8re des m\u00e9dias satur\u00e9s, la \u00ab valeur de choc \u00bb de l&#8217;imagerie spatiale peut \u00eatre plus difficile \u00e0 atteindre. <\/p>\n<h3>Conclusion<\/h3>\n<p>Alors que les images Apollo ont contribu\u00e9 au lancement du mouvement environnemental moderne, la mission Artemis arrive \u00e0 un moment o\u00f9 la Terre est plus vuln\u00e9rable que jamais. Reste \u00e0 savoir si ces nouvelles images pourront briser l\u2019apathie politique moderne et inspirer une nouvelle \u00e8re de gestion plan\u00e9taire, mais elles ont d\u00e9j\u00e0 r\u00e9ussi \u00e0 nous rappeler une v\u00e9rit\u00e9 fondamentale : notre monde est une oasis solitaire et fragile dans l\u2019obscurit\u00e9.<\/p>\n","protected":false},"excerpt":{"rendered":"<p>La r\u00e9cente conclusion de la mission Artemis II de la NASA a fourni bien plus que de simples donn\u00e9es scientifiques ; il a livr\u00e9 un moment visuel profond. Alors que l\u2019\u00e9quipage voyageait autour de la Lune, ils ont captur\u00e9 une image saisissante de la Terre : un croissant bleu vif suspendu au-dessus d\u2019un paysage lunaire [&hellip;]<\/p>\n","protected":false},"author":1,"featured_media":7675,"comment_status":"open","ping_status":"open","sticky":false,"template":"","format":"standard","meta":{"tdm_status":"","tdm_grid_status":""},"categories":[1],"tags":[],"amp_enabled":true,"_links":{"self":[{"href":"https:\/\/www.schooler.org.ua\/fr\/wp-json\/wp\/v2\/posts\/7676"}],"collection":[{"href":"https:\/\/www.schooler.org.ua\/fr\/wp-json\/wp\/v2\/posts"}],"about":[{"href":"https:\/\/www.schooler.org.ua\/fr\/wp-json\/wp\/v2\/types\/post"}],"author":[{"embeddable":true,"href":"https:\/\/www.schooler.org.ua\/fr\/wp-json\/wp\/v2\/users\/1"}],"replies":[{"embeddable":true,"href":"https:\/\/www.schooler.org.ua\/fr\/wp-json\/wp\/v2\/comments?post=7676"}],"version-history":[{"count":0,"href":"https:\/\/www.schooler.org.ua\/fr\/wp-json\/wp\/v2\/posts\/7676\/revisions"}],"wp:featuredmedia":[{"embeddable":true,"href":"https:\/\/www.schooler.org.ua\/fr\/wp-json\/wp\/v2\/media\/7675"}],"wp:attachment":[{"href":"https:\/\/www.schooler.org.ua\/fr\/wp-json\/wp\/v2\/media?parent=7676"}],"wp:term":[{"taxonomy":"category","embeddable":true,"href":"https:\/\/www.schooler.org.ua\/fr\/wp-json\/wp\/v2\/categories?post=7676"},{"taxonomy":"post_tag","embeddable":true,"href":"https:\/\/www.schooler.org.ua\/fr\/wp-json\/wp\/v2\/tags?post=7676"}],"curies":[{"name":"wp","href":"https:\/\/api.w.org\/{rel}","templated":true}]}}