{"id":7676,"date":"2026-04-25T18:35:58","date_gmt":"2026-04-25T15:35:58","guid":{"rendered":"https:\/\/www.schooler.org.ua\/uk-uavid-shodu-zemli-do-zahid-zemli-chi-zmozhut-novi-misjachni-misiyi\/"},"modified":"2026-04-25T18:35:58","modified_gmt":"2026-04-25T15:35:58","slug":"uk-uavid-shodu-zemli-do-zahid-zemli-chi-zmozhut-novi-misjachni-misiyi","status":"publish","type":"post","link":"https:\/\/www.schooler.org.ua\/pl\/uk-uavid-shodu-zemli-do-zahid-zemli-chi-zmozhut-novi-misjachni-misiyi\/","title":{"rendered":"Od \u201eEarthrise\u201d do \u201eEarthset\u201d: czy nowe misje ksi\u0119\u017cycowe mog\u0105 obudzi\u0107 nasz\u0105 \u015bwiadomo\u015b\u0107 ekologiczn\u0105?"},"content":{"rendered":"<p>Niedawne zako\u0144czenie misji NASA <strong>Artemis II<\/strong> przynios\u0142o nie tylko dane naukowe, ale tak\u017ce wa\u017cny moment wizualny dla \u015bwiata. Gdy za\u0142oga okr\u0105\u017ca\u0142a Ksi\u0119\u017cyc, wykona\u0142a uderzaj\u0105ce zdj\u0119cie Ziemi \u2014 jasnoniebieski p\u00f3\u0142ksi\u0119\u017cyc unosz\u0105cy si\u0119 nad odludnym, pokrytym kraterami ksi\u0119\u017cycowym krajobrazem. <\/p>\n<p>Chocia\u017c zdj\u0119cie to wydaje si\u0119 niezwykle znajome, s\u0142u\u017cy jako wsp\u00f3\u0142czesne echo jednej z najbardziej wp\u0142ywowych fotografii w historii ludzko\u015bci: Wschodu Ziemi, wykonanej podczas misji Apollo 8 w 1968 roku. Wkraczaj\u0105c w now\u0105 er\u0119 eksploracji Ksi\u0119\u017cyca, pojawia si\u0119 krytyczne pytanie: czy te nowe perspektywy mog\u0105 ponownie rozpali\u0107 globalny ruch ekologiczny, kt\u00f3ry niegdy\u015b zainspirowa\u0142 er\u0119 Apollo? <\/p>\n<h3>Dziedzictwo ery Apolla<\/h3>\n<p>W 1968 roku \u015bwiat wygl\u0105da\u0142 zupe\u0142nie inaczej. Za\u0142ogowe loty kosmiczne by\u0142y w powijakach i nikt jeszcze nie widzia\u0142 Ziemi spoza niskiej orbity oko\u0142oziemskiej. Kiedy astronauci Apollo 8 spojrzeli wstecz na nasz\u0105 rodzinn\u0105 planet\u0119, doznali przemiany. <\/p>\n<p>Historycy zauwa\u017caj\u0105, \u017ce by\u0142o to nie tylko osi\u0105gni\u0119cie naukowe, ale tak\u017ce prze\u0142om duchowy. Zdj\u0119cia wykonane podczas misji Apollo \u2013 w szczeg\u00f3lno\u015bci Earthrise i Blue Marble z 1972 roku \u2013 zrobi\u0142y co\u015b bezprecedensowego:<br>\n&#8211; <strong>Dali zrozumienie skali:<\/strong> Ludzko\u015b\u0107 postrzega\u0142a Ziemi\u0119 nie jako niesko\u0144czon\u0105 przestrze\u0144, ale jako samotn\u0105, delikatn\u0105 kul\u0119.<br>\n&#8211; <strong>Pobudzili aktywizm:<\/strong> Te obrazy sta\u0142y si\u0119 wizualn\u0105 podstaw\u0105 pierwszego <strong>Dnia Ziemi w 1970 r.<\/strong>, pomagaj\u0105c przekszta\u0142ci\u0107 ekologi\u0119 z niszowej kwestii w masowy ruch globalny.<br>\n&#8211; <strong>Po\u0142\u0105czyli nauk\u0119 i symbolik\u0119:<\/strong> zdolno\u015b\u0107 NASA do \u0142\u0105czenia zdj\u0119\u0107 o wysokiej rozdzielczo\u015bci z danymi na temat zubo\u017cenia warstwy ozonowej i zanieczyszczenia sprawi\u0142a, \u017ce \u200b\u200bfotografia kosmiczna sta\u0142a si\u0119 pot\u0119\u017cnym narz\u0119dziem ochrony \u015brodowiska. <\/p>\n<h3>Przesuni\u0119cie Artemidy: od wschodu do zachodu s\u0142o\u0144ca<\/h3>\n<p>Misja Artemis II to pierwszy od 1972 roku przypadek opuszczenia przez cz\u0142owieka orbity oko\u0142oziemskiej. Jednak kontekst tej podr\u00f3\u017cy zmieni\u0142 si\u0119 dramatycznie. O ile era Apolla skupia\u0142a si\u0119 na widocznym zanieczyszczeniu i ochronie \u015brodowiska, o tyle epok\u0119 Artemidy definiuje egzystencjalna i cz\u0119sto upolityczniona walka z <strong>zmianami klimatycznymi<\/strong>. <\/p>\n<p>Nowe zdj\u0119cia opublikowane przez NASA trafnie, cho\u0107 by\u0107 mo\u017ce nieumy\u015blnie, nazwano <strong>Earthset<\/strong>. Termin ten odzwierciedla trajektori\u0119 misji, ale historycy uwa\u017caj\u0105, \u017ce s\u0142u\u017cy r\u00f3wnie\u017c jako metafora naszego obecnego momentu kulturowego. <\/p>\n<blockquote>\n<p>\u201eDoskonale oddaje aktualny moment kulturowy, w kt\u00f3rym stoimy w obliczu najwa\u017cniejszego globalnego kryzysu w historii ludzko\u015bci\u2026 i Ziemia jest z tego powodu w niebezpiecze\u0144stwie\u201d. \u2014 <em>Neil Maher, historyk \u015brodowiska<\/em> <\/p>\n<\/blockquote>\n<h3>Nowe poczucie \u201ewznios\u0142o\u015bci\u201d<\/h3>\n<p>Dla wsp\u00f3\u0142czesnych astronaut\u00f3w widok pozostaje tak samo osza\u0142amiaj\u0105cy, jak w przypadku ich poprzednik\u00f3w. Astronautka NASA, Christina Koch, opisa\u0142a Ziemi\u0119 jako \u201e\u0142\u00f3d\u017a ratunkow\u0105\u201d p\u0142ywaj\u0105c\u0105 spokojnie w ogromnej czarnej pustce. To poczucie \u201ewznios\u0142o\u015bci\u201d \u2013 mieszanina podziwu i przera\u017cenia \u2013 jest zjawiskiem psychologicznym, kt\u00f3re historycznie motywowa\u0142o ludzi do ochrony \u015bwiata przyrody. <\/p>\n<p>Jednak program Artemis stoi przed wyj\u0105tkowymi wyzwaniami, kt\u00f3re nie wyst\u0119powa\u0142y w epoce Apollo:<br>\n1. <strong>Polaryzacja polityczna:<\/strong> W przeciwie\u0144stwie do \u201ezdrowego rozs\u0105dku\u201d ekologii z lat 70. wsp\u00f3\u0142czesne badania nad klimatem s\u0105 g\u0142\u0119boko podzielone pod wzgl\u0119dem politycznym.<br>\n2. <strong>Niepewno\u015b\u0107 finansowania:<\/strong> dzia\u0142 naukowy NASA stoi w obliczu powa\u017cnej presji bud\u017cetowej; proponowane ci\u0119cia mog\u0105 podwa\u017cy\u0107 zdolno\u015b\u0107 agencji do prowadzenia eksploracji kosmosu.<br>\n3. <strong>Zm\u0119czenie wzroku:<\/strong> W erze przesycenia medi\u00f3w \u201eefekt szoku\u201d wywo\u0142any obrazami kosmicznymi mo\u017ce by\u0107 znacznie trudniejszy do osi\u0105gni\u0119cia. <\/p>\n<h3>Wniosek<\/h3>\n<p>Chocia\u017c zdj\u0119cia Apolla pomog\u0142y zapocz\u0105tkowa\u0107 nowoczesny ruch ekologiczny, misja Artemis nast\u0119puje w czasie, gdy Ziemia jest bardziej bezbronna ni\u017c kiedykolwiek. Czas poka\u017ce, czy te nowe obrazy prze\u0142ami\u0105 obecn\u0105 apati\u0119 polityczn\u0105 i zainspiruj\u0105 now\u0105 er\u0119 troski o planet\u0119, ale w jednym ju\u017c si\u0119 uda\u0142o: przypomnia\u0142y nam o fundamentalnej prawdzie: nasz \u015bwiat jest samotn\u0105, kruch\u0105 oaz\u0105 w ciemno\u015bci.<\/p>\n","protected":false},"excerpt":{"rendered":"<p>Niedawne zako\u0144czenie misji NASA Artemis II przynios\u0142o nie tylko dane naukowe, ale tak\u017ce wa\u017cny moment wizualny dla \u015bwiata. Gdy za\u0142oga okr\u0105\u017ca\u0142a Ksi\u0119\u017cyc, wykona\u0142a uderzaj\u0105ce zdj\u0119cie Ziemi \u2014 jasnoniebieski p\u00f3\u0142ksi\u0119\u017cyc unosz\u0105cy si\u0119 nad odludnym, pokrytym kraterami ksi\u0119\u017cycowym krajobrazem. Chocia\u017c zdj\u0119cie to wydaje si\u0119 niezwykle znajome, s\u0142u\u017cy jako wsp\u00f3\u0142czesne echo jednej z najbardziej wp\u0142ywowych fotografii w historii [&hellip;]<\/p>\n","protected":false},"author":1,"featured_media":7675,"comment_status":"open","ping_status":"open","sticky":false,"template":"","format":"standard","meta":{"tdm_status":"","tdm_grid_status":""},"categories":[1],"tags":[],"amp_enabled":true,"_links":{"self":[{"href":"https:\/\/www.schooler.org.ua\/pl\/wp-json\/wp\/v2\/posts\/7676"}],"collection":[{"href":"https:\/\/www.schooler.org.ua\/pl\/wp-json\/wp\/v2\/posts"}],"about":[{"href":"https:\/\/www.schooler.org.ua\/pl\/wp-json\/wp\/v2\/types\/post"}],"author":[{"embeddable":true,"href":"https:\/\/www.schooler.org.ua\/pl\/wp-json\/wp\/v2\/users\/1"}],"replies":[{"embeddable":true,"href":"https:\/\/www.schooler.org.ua\/pl\/wp-json\/wp\/v2\/comments?post=7676"}],"version-history":[{"count":0,"href":"https:\/\/www.schooler.org.ua\/pl\/wp-json\/wp\/v2\/posts\/7676\/revisions"}],"wp:featuredmedia":[{"embeddable":true,"href":"https:\/\/www.schooler.org.ua\/pl\/wp-json\/wp\/v2\/media\/7675"}],"wp:attachment":[{"href":"https:\/\/www.schooler.org.ua\/pl\/wp-json\/wp\/v2\/media?parent=7676"}],"wp:term":[{"taxonomy":"category","embeddable":true,"href":"https:\/\/www.schooler.org.ua\/pl\/wp-json\/wp\/v2\/categories?post=7676"},{"taxonomy":"post_tag","embeddable":true,"href":"https:\/\/www.schooler.org.ua\/pl\/wp-json\/wp\/v2\/tags?post=7676"}],"curies":[{"name":"wp","href":"https:\/\/api.w.org\/{rel}","templated":true}]}}