{"id":8122,"date":"2026-09-03T10:20:18","date_gmt":"2026-09-03T07:20:18","guid":{"rendered":"https:\/\/www.schooler.org.ua\/chomu-filosofija-movi-vazhliva-vid-starodavnoyi-gretsiyi-do-suchasnoyi\/"},"modified":"2026-09-03T10:20:18","modified_gmt":"2026-09-03T07:20:18","slug":"chomu-filosofija-movi-vazhliva-vid-starodavnoyi-gretsiyi-do-suchasnoyi","status":"publish","type":"post","link":"https:\/\/www.schooler.org.ua\/pt\/por-que-a-filosofia-da-linguagem-e-importante-da-grecia-antiga-ao\/","title":{"rendered":"Por que a filosofia da linguagem \u00e9 importante: da Gr\u00e9cia Antiga ao pensamento moderno"},"content":{"rendered":"<p>Conversamos o tempo todo. N\u00f3s mandamos mensagens. N\u00f3s discutimos. Escrevemos romances. Mas voc\u00ea j\u00e1 parou para pensar sobre a verdadeira mec\u00e2nica do significado? N\u00e3o apenas o que voc\u00ea <em>pensa<\/em> que est\u00e1 dizendo, mas como a pr\u00f3pria linguagem constr\u00f3i a realidade? Esse \u00e9 o dom\u00ednio da filosofia da linguagem. N\u00e3o se trata apenas de lingu\u00edstica \u2013 \u00e9 o estudo da gram\u00e1tica e da sintaxe. Isto \u00e9 mais profundo. \u00c9 sobre a ponte entre nossas mentes e o mundo. <\/p>\n<p>As ra\u00edzes s\u00e3o antigas. Voc\u00ea pode tra\u00e7ar a linhagem at\u00e9 a Gr\u00e9cia antiga. Os pensadores j\u00e1 estavam lutando com a lacuna entre as palavras e as coisas. Mas a maneira como abordamos isso hoje? Isso \u00e9 diferente. A estrutura moderna tomou forma no in\u00edcio do s\u00e9culo XX. Por que? Por causa da filosofia anal\u00edtica. Esse movimento mudou o foco. Parou de fazer grandes e vagas quest\u00f5es metaf\u00edsicas e come\u00e7ou a dissecar como a linguagem realmente funciona na l\u00f3gica e na comunica\u00e7\u00e3o. <\/p>\n<h2>A quest\u00e3o central: como a linguagem molda a realidade?<\/h2>\n<p>Ent\u00e3o, o que \u00e9 realmente? Filosofia da linguagem \u00e9 o ramo da filosofia que estuda a natureza, as origens e o uso da linguagem. N\u00e3o se trata apenas de palavras. \u00c9 uma quest\u00e3o de significado. \u00c9 uma quest\u00e3o de refer\u00eancia. \u00c9 sobre a verdade. <\/p>\n<p>Considere o seguinte: quando voc\u00ea diz \u201cEstou com fome\u201d, voc\u00ea n\u00e3o est\u00e1 apenas fazendo barulho. Voc\u00ea est\u00e1 expressando um estado de ser. Mas o que significa \u201cfome\u201d nesse contexto? \u00c9 f\u00edsico? \u00c9 emocional? A filosofia da linguagem tenta mapear essas conex\u00f5es. <\/p>\n<h3>Principais \u00e1reas de investiga\u00e7\u00e3o<\/h3>\n<p>Para entender como esse campo funciona, \u00e9 preciso observar os problemas espec\u00edficos que ele tenta resolver. Aqui est\u00e3o os principais pilares: <\/p>\n<ul>\n<li><strong>Significado (Sem\u00e2ntica):<\/strong> Como as palavras adquirem seu significado? Est\u00e1 ligado aos objetos a que se referem? Ou \u00e9 puramente na forma como os usamos? <\/li>\n<li><strong>Refer\u00eancia:<\/strong> Quando digo \u201co presidente\u201d, para quem estou apontando? Como a linguagem vincula s\u00edmbolos a entidades reais no mundo? <\/li>\n<li><strong>Verdade:<\/strong> O que torna uma afirma\u00e7\u00e3o verdadeira? \u00c9 porque corresponde \u00e0 realidade? Ou \u00e9 outra coisa? <\/li>\n<li><strong>Atos de fala:<\/strong> Este \u00e9 um grande problema. Quando voc\u00ea diz \u201ceu prometo\u201d, voc\u00ea n\u00e3o est\u00e1 apenas descrevendo uma promessa. Voc\u00ea est\u00e1 <em>fazendo<\/em> um. A linguagem cria a\u00e7\u00f5es. <\/li>\n<\/ul>\n<h2>A virada anal\u00edtica: uma mudan\u00e7a no s\u00e9culo XX<\/h2>\n<p>O s\u00e9culo XX mudou tudo. Antes disso, os fil\u00f3sofos estavam frequentemente mais interessados \u200b\u200bna natureza da alma ou do universo. Depois veio o movimento anal\u00edtico. Trouxe um novo rigor. Exigia precis\u00e3o. <\/p>\n<p>Pense em Bertrand Russell. Ele era obcecado pela l\u00f3gica. Ele queria limpar a linguagem. Ele acreditava que muitos problemas filos\u00f3ficos eram apenas usos confusos da linguagem. Se voc\u00ea pudesse esclarecer a linguagem, argumentou ele, os problemas se dissolveriam. <\/p>\n<p>Ludwig Wittgenstein tamb\u00e9m desempenhou um papel importante aqui. No in\u00edcio, ele pensava que a linguagem era uma imagem da realidade. Mais tarde, ele mudou de ideia. Ele sugeriu que significado \u00e9 uso. Uma palavra n\u00e3o \u00e9 um r\u00f3tulo. \u00c9 uma ferramenta. Faz parte de um \u201cjogo de linguagem\u201d. Esta mudan\u00e7a da \u201cteoria da imagem\u201d para a \u201cteoria do uso\u201d \u00e9 fundamental para a compreens\u00e3o moderna. <\/p>\n<h2>Por que isso \u00e9 importante para voc\u00ea?<\/h2>\n<p>Voc\u00ea pode estar pensando: &#8220;S\u00f3 quero escrever uma reda\u00e7\u00e3o. N\u00e3o preciso saber disso&#8221;. Mas voc\u00ea sabe. Cada vez que voc\u00ea se comunica <\/p>\n<p>Dil sadece kelimeler y\u0131\u011f\u0131n\u0131 de\u011fil, bir d\u00fc\u015f\u00fcnce arac\u0131. Dil Felsefesi, bu arac\u0131n nas\u0131l i\u015fledi\u011fini sorgular. Nas\u0131l anlam yarat\u0131r? Nas\u0131l ger\u00e7ekli\u011fi \u015fekillendirir? Bu disiplin, s\u00f6zlerin arkas\u0131ndaki yap\u0131y\u0131 e zihnin i\u00e7indeki yerini inceler. <\/p>\n<h2>Anlam\u0131n K\u00f6keni e Ger\u00e7eklikle \u0130li\u015fkisi<\/h2>\n<p>Anlam, dil felsefesinina kalbidir. Kelimelerin ne anlama geldi\u011fini belirleyen nedir? Bu soru, dilin sadece bir isimlendirme sistemi olup olmad\u0131\u011f\u0131n\u0131 da beraberinde getirir. Dil, d\u00fcnyay\u0131 aynalar gibi yans\u0131t\u0131r m\u0131, yoksa onu kendi kurallar\u0131yla yeniden in\u015fa eder mi? <\/p>\n<p>Ger\u00e7eklik kavram\u0131 burada critik hale gelir. Dil, var olan d\u00fcnyay\u0131 pasif bir \u015fekilde betimlemekle kalmaz. Bazen onu belirleyen bir g\u00fc\u00e7 olur. Hangi kelimeleri se\u00e7ti\u011fimiz, nee dikkat etti\u011fimizi neyi g\u00f6rmezden geldi\u011fimizi ortaya koyar. Bu nedenle, dilin ger\u00e7eklikle olan ba\u011f\u0131, sadece tan\u0131mlama de\u011fil, ayn\u0131 zamanda olu\u015fturma s\u00fcrecidir. <\/p>\n<h2>D\u00fc\u015f\u00fcnce, Zihin e K\u00fclt\u00fcr\u00fcn Etkile\u015fimi<\/h2>\n<p>D\u00fc\u015f\u00fcnce ile dil aras\u0131ndaki ili\u015fki geri d\u00f6n\u00fc\u015fl\u00fcd\u00fcr. Dil, d\u00fc\u015f\u00fcncemizi s\u0131n\u0131rlar m\u0131, yoksa onu geni\u015fletir mi? Sapir-Whorf hipotezi gibi g\u00f6r\u00fc\u015fler, dilin d\u00fc\u015f\u00fcnce yap\u0131m\u0131z\u0131 nas\u0131l \u015fekillendirdi\u011fini tart\u0131\u015f\u0131r. Seu dil, d\u00fcnyay\u0131 alg\u0131laman\u0131n farkl\u0131 bir penceresi gibidir. <\/p>\n<p>K\u00fclt\u00fcr e toplum da bu denklemin ayr\u0131lmaz par\u00e7alar\u0131d\u0131r. Dil, k\u00fclt\u00fcrel miras\u0131 ta\u015f\u0131r. Gelenekleri, de\u011ferleri e toplumsal normal\u0131 aktar\u0131r. \u0130leti\u015fim kurarken sadece bilgi vermez, ayn\u0131 zamanda kimlik in\u015fa eder. Toplum foi criado por uma fam\u00edlia, hiyerar\u015fileri sosyal e g\u00fc\u00e7 dinamiklerini de yans\u0131t\u0131r. <\/p>\n<h2>Zihinsel S\u00fcre\u00e7ler e Bili\u015fsel Etkiler<\/h2>\n<p>Zihin, dilin i\u015flendi\u011fi yerdir. Dil felsefesi, bili\u015fsel s\u00fcre\u00e7lere nas\u0131l etki etti\u011fini de inceler. Kelimeler, kavramlar\u0131m\u0131z\u0131n olu\u015fumunda nas\u0131l bir rol oynar? Soyut fikirleri somutla\u015ft\u0131rmak i\u00e7in dili nas\u0131l kullan\u0131r\u0131z? Bu sorular, zihnin yap\u0131s\u0131n\u0131 anlamak i\u00e7in \u00f6nemlidir. <\/p>\n<p>Dilin i\u015flevleri sadece ileti\u015fim de\u011fil. Ayn\u0131 zamanda d\u00fc\u015f\u00fcnme bi\u00e7imizi de belirler. Hangi dilleri konu\u015fursak, d\u00fcnyay\u0131 ou dillerin sundu\u011fu \u00e7er\u00e7eveden g\u00f6r\u00fcr\u00fcz. Mas, no final da compra, h\u00e1 um fark yarat\u0131r. Se voc\u00ea tiver um problema, voc\u00ea ter\u00e1 um grande n\u00famero de mortes. <\/p>\n<h3>Dil Felsefesi Filozoflar\u0131<\/h3>\n<p>Tarihte bu sorular\u0131 ilk defa soranlar kimler? Sokrates&#8217;ten Wittgenstein&#8217;a kadar uzanan bir yolculuk var. Seu filozof, dilin do\u011fas\u0131na farkl\u0131 bir a\u00e7\u0131dan bakar. Baz\u0131lar\u0131 dilin mant\u0131ksal yap\u0131s\u0131na odaklan\u0131rken, di\u011ferleri <\/p>\n<p><img decoding=\"async\" class=\"aligncenter\" src=\"https:\/\/www.schooler.org.ua\/wp-content\/uploads\/2026\/09\/848aea18a5db420ba360724444ef3cd6.jpg\" alt=\"\"> <\/p>\n<h3>S\u00f3crates: Kelimelerin S\u0131nav\u0131<\/h3>\n<p>S\u00f3crates fez com que o dinheiro fosse transferido para Durmuyordu. Ona g\u00f6re dilin tek bir amac\u0131 vard\u0131: ger\u00e7e\u011fi bulmak. Do\u011fruyu yanl\u0131\u015fdan ay\u0131ran o keskin \u00e7izgi, ancak do\u011fru kullan\u0131ld\u0131\u011f\u0131nda ortaya \u00e7\u0131k\u0131yordu. S\u00f3crates, konu\u015fmalar\u0131n\u0131 birer sorgulama arac\u0131 olarak kurgulard\u0131. Ama\u00e7 sadece bilgi vermek de\u011fil, dinleyiciyi kendi inan\u00e7lar\u0131n\u0131n \u00e7eli\u015fkilerini g\u00f6rmeye zorlayacak kadar rahats\u0131z etmekti. Dil, onun i\u00e7in bir e\u011fitim arac\u0131yd\u0131. \u00d6\u011fretmenin \u00f6\u011frenciye de\u011fil, sorunun kendi kendine cevap bulmas\u0131na izin veren bir zemin i\u015flevi g\u00f6r\u00fcrd\u00fc. <\/p>\n<h3>Plat\u00e3o: Kelimelerin Arka Plan\u0131<\/h3>\n<p>Platon \u00e9 um farkl\u0131 bir pencereden bak\u0131yordu. Ona g\u00f6rd\u00fc\u011f\u00fcm\u00fcz d\u00fcnya, ger\u00e7e\u011fin sadece bir g\u00f6lgesiydi. Peki voc\u00ea dil? Dil, o g\u00f6r\u00fcnmez idealar \u00e2lemine uzanan bir k\u00f6pr\u00fcyd\u00fc. Kelimeler, soyut fikirleri somutla\u015ft\u0131rma \u00e7abas\u0131yd\u0131. Platon, dilin ger\u00e7ekli\u011fi yans\u0131tt\u0131\u011f\u0131n\u0131 de\u011fil, onu <em>ifade etti\u011fini<\/em> savunurdu. Bir kelimeyi do\u011fru kullanmak, o kelimenin temsil etti\u011fi forma ideal biraz daha yakla\u015fmak demekti. <\/p>\n<h3>Arist\u00f3teles: Dilin \u0130\u015flevsel Yan\u0131<\/h3>\n<p>Arist\u00f3teles daha pratik davrand\u0131. Felsefenin bulutlardan inip yere sa\u011flam basmas\u0131na yard\u0131mc\u0131 oldu. Onun i\u00e7in dil, d\u00fc\u015f\u00fcnceyi d\u0131\u015favurumun mekanizmas\u0131yd\u0131. D\u00fc\u015f\u00fcnce yoksa, s\u00f6yleyecek bir \u015fey de kalmaz. Ama d\u00fc\u015f\u00fcnce tek ba\u015f\u0131na yetmez; ba\u015fkalar\u0131na iletilmeliydi. Dil, bilgiyi ta\u015f\u0131yan bir kargo gemisi gibiydi. Mant\u0131k e categorizador \u00fczerine kurdu\u011fu sistema, kelimelerin d\u00fcnyadaki varolu\u015flarla nas\u0131l e\u015fle\u015fti\u011fini a\u00e7\u0131klamaya \u00e7al\u0131\u015ft\u0131. <\/p>\n<h3>Ren\u00e9 Descartes: \u015e\u00fcpheci Semboller<\/h3>\n<p>Descartes ise daha soyut, daha zihinsel bir alana iniyor. Onun \u015f\u00fcpheci y\u00f6ntemi, dili de etkiledi. Dil, zihindeki d\u00fc\u015f\u00fcncelerin d\u0131\u015fa vurulan sembolleriydi. Ama bu sembollerin do\u011frulu\u011fu, zihnin tutarl\u0131l\u0131\u011f\u0131na ba\u011fl\u0131yd\u0131. Descartes, dili kulland\u0131\u011f\u0131m\u0131zda, e\u011fer kurallara sad\u0131k kal\u0131rsak, mutlak kesinli\u011fe ula\u015fabilece\u011fimize inan\u0131yordu. Y\u00f6ntemsel \u015f\u00fcphe, anlaml\u0131 bir ifadeyi anlamazl\u0131ktan gelinemez noktaya getiriyordu. <\/p>\n<h3>Ludwig Wittgenstein: Anlam Kullan\u0131mda Gizlidir<\/h3>\n<p>Burada oyun de\u011fi\u015fiyor. Wittgenstein, uma vez que dilin mant\u0131ksal yap\u0131s\u0131na, sonra da g\u00fcnl\u00fck kullan\u0131m\u0131na odaklanarak felsefeyi k\u00f6kten de\u011fi\u015ftirdi. Uma vez que uma mensagem foi feita, voc\u00ea pode se divertir muito, e ent\u00e3o <em>kullan\u0131ld\u0131\u011f\u0131nda<\/em> gizliydi. &#8220;Anlam kullan\u0131md\u0131r&#8221; c\u00fcmlesi, dil felsefesinin en \u00f6nemli d\u00f6n\u00fcm noktalar\u0131ndan biri oldu. Kelim <\/p>\n<p><img decoding=\"async\" class=\"aligncenter\" src=\"https:\/\/www.schooler.org.ua\/wp-content\/uploads\/2026\/09\/a597ace1d0d241e3acdfb25dd6df359e.jpg\" alt=\"\"> <\/p>\n<p>Dil sadece ileti\u015fim arac\u0131 de\u011fil, d\u00fc\u015f\u00fcncenin kendisidir. Dil felsefesi de bu ger\u00e7e\u011fi sorgular. Felsefe ile dilin kesi\u015fim noktas\u0131nda durur. K\u00f6kenini, yap\u0131s\u0131n\u0131 e \u00f6z\u00fcn\u00fc felsefi a\u00e7\u0131dan par\u00e7alar. \u0130nsan d\u00fc\u015f\u00fcnd\u00fc\u011f\u00fcnde, bunu dil sayesinde ku\u015faktan ku\u015faka ta\u015f\u0131r. Bilimsel ara\u015ft\u0131rmalar da felsefi sorgulamalar da dille \u015fekillenir. <\/p>\n<p>Dil felsefesi, tek bir dili veya diller grubunu inceler diye d\u00fc\u015f\u00fcnmeyin. \u00d6yle de\u011fil. \u00d3, \u00f6zel bir varl\u0131k alan\u0131 olan dilin felsefesidir. Hangi dili konu\u015fursan\u0131z konu\u015fun, temel yanlar de\u011fi\u015fmez. Dilin varl\u0131k yap\u0131s\u0131, i\u015flevleri, insan ve ba\u015far\u0131lar\u0131 i\u00e7in ta\u015f\u0131d\u0131\u011f\u0131 anlam, varl\u0131k d\u00fcnyas\u0131yla olan ba\u011f\u0131&#8230; Bunlar sabitir. De\u011fi\u015fen \u015fey gramer kurallar\u0131d\u0131r. Oysa gramer dil biliminin (lisan) \u00e9 adicionado. Felsefe oraya bakmaz. <\/p>\n<p>Felsefe \u015funlarla u\u011fra\u015f\u0131r:<br>\n&#8211; Dilin varl\u0131k niteli\u011fi<br>\n&#8211; Dil ile varl\u0131k d\u00fcnyas\u0131 ili\u015fkisi<br>\n&#8211; Dil ile insan ba\u015far\u0131lar\u0131<br>\n&#8211; Dilin varl\u0131k yap\u0131s\u0131ndaki yeri ve anlam\u0131<br>\n&#8211; Dilin ba\u015far\u0131lar\u0131 e i\u015flevleri <\/p>\n<p>Bilgi teorisinin amac\u0131 neydi? \u00d6zne ile nesne aras\u0131ndaki ba\u011flar\u0131 \u00e7\u00f6z\u00fcmlemekti. Bu ba\u011flar\u0131n sonucuna e ba\u015far\u0131s\u0131na odaklan\u0131rd\u0131. Dil felsefesinin g\u00f6revi de buna benzer. Farkl\u0131 dillerin olu\u015fturdu\u011fu bu varl\u0131k alan\u0131n\u0131n yap\u0131s\u0131n\u0131 inceler. \u0130\u015flevlerini analisa Eder. Selecione a op\u00e7\u00e3o. \u0130nsanla, insan ba\u015far\u0131lar\u0131yla e di\u011fer varl\u0131k d\u00fcnyas\u0131yla kurdu\u011fu anlam\u0131 \u00e7\u00f6zer. <\/p>\n<h2>Antik d\u00f6nemden moderno zamanlara dil felsefesi tarihi<\/h2>\n<p>Tarih, bu sorular\u0131n ne kadar eski oldu\u011funu g\u00f6sterir. Platon, <em>Kratylus<\/em> diyalo\u011funda kelimelerin do\u011fall\u0131\u011f\u0131 \u00fczerine tart\u0131\u015ft\u0131. Baz\u0131 isimlerin do\u011frudan nesneyi temsil edip etmedi\u011fini sorgulad\u0131. Arist\u00f3teles \u00e9 mant\u0131k e categoria kavramlar\u0131yla dili yap\u0131land\u0131rd\u0131. Dilin mant\u0131ksal yap\u0131s\u0131n\u0131n evrensel oldu\u011funa inan\u0131rd\u0131. <\/p>\n<p>Orta\u00e7a\u011fda kelam ilmi e teolojik tart\u0131\u015fmalar dille yo\u011fruldu. \u0130lahi kelam\u0131n yarat\u0131c\u0131 g\u00fcc\u00fc \u00fczerine d\u00fc\u015f\u00fcn\u00fcl\u00fcrd\u00fc. Embora a felsefe moderna, Descartes tenha sido bilin\u00e7 e dil aras\u0131ndaki ili\u015fkiyi yeniden mercek alt\u0131na ald\u0131. &#8220;D\u00fc\u015f\u00fcn\u00fcyorum, o halde var\u0131m&#8221; diyerek \u00f6zneyi merkeze ald\u0131. Dil, bu \u00f6znenin d\u0131\u015favurumu haline geldi.<\/p>\n<ol>\n<li>y\u00fczy\u0131lda Wilhelm von Humboldt, dilin bir energji (energia) oldu\u011funu, statik bir \u00fcr\u00fcn de\u011fil dinamikle\u015fen bir s\u00fcre\u00e7 oldu\u011funu belirtti. Seu dil, bir d\u00fcnya g\u00f6r\u00fc\u015f\u00fcn\u00fc ifade eder. Bu g\u00f6r\u00fc\u015f, dil felsefesi i\u00e7in anahtar noktalardan biridir. Dil, sadece bir ara\u00e7 de\u011fil, d\u00fc\u015f\u00fcncenin s\u0131n\u0131rlar\u0131n\u0131 \u00e7 <\/li>\n<\/ol>\n<p><img decoding=\"async\" class=\"aligncenter\" src=\"https:\/\/www.schooler.org.ua\/wp-content\/uploads\/2026\/09\/6d6fc5a546d749c782f42a746eb8c811.jpg\" alt=\"\"> <\/p>\n<p>Dil felsefesi 19. y\u00fczy\u0131l\u0131n sonlar\u0131nda ortaya \u00e7\u0131kt\u0131. Mantenha e zihin alg\u0131s\u0131ndaki b\u00fcy\u00fck de\u011fi\u015fimlerle birlikte \u015fekillendi. Bu hareket geralmente &#8220;dilsel d\u00f6n\u00fc\u015f&#8221; olarak adland\u0131r\u0131l\u0131r. N\u00e9den? \u00c7\u00fcnk\u00fc dilin felsefi problemlerdeki yerini sorguluyor. <\/p>\n<p>G\u00fcncel anlam\u0131yla 20. y\u00fczy\u0131lda zirve yapsa da k\u00f6kleri\u00e7ok daha derinde. Antik Yunan&#8217;da Orta\u00e7a\u011f&#8217;a. 17. y\u00fczy\u0131la kadar her d\u00f6nem dil sorguland\u0131. <\/p>\n<h3>17. Y\u00fczy\u0131l: Anlam\u0131n ve G\u00f6ndermenin \u0130lk \u00c7at\u0131\u015fmas\u0131<\/h3>\n<p>John Locke escreveu uma s\u00e9rie de m\u00fasicas in\u00e9ditas. Baz\u0131 kuramc\u0131lara g\u00f6re bu como dil felsefesi incelemesidir. <\/p>\n<p>John Stuart Mill \u00e9 um dos seus nomes. <strong>Anlam<\/strong> e <strong>g\u00f6nderme<\/strong> kavramlar\u0131 aras\u0131ndaki ayr\u0131m\u0131 yapt\u0131. Dil felsefesinin en temel sorunlar\u0131ndan biri buradayd\u0131. Kelimeler n\u00e3o conseguiu? Neye i\u015faret eder? Bu ayr\u0131m, tart\u0131\u015fmalar\u0131n temellerini att\u0131 moderno. <\/p>\n<h3>Ferdinand Saussure e Yap\u0131salc\u0131l\u0131\u011f\u0131n Do\u011fu\u0219u<\/h3>\n<ol>\n<li>y\u00fczy\u0131l\u0131n sonunda Ferdinand Saussure sahneye \u00e7\u0131kt\u0131. Dil \u00fczerine yapt\u0131\u011f\u0131 \u00e7al\u0131\u015fmalar, alan\u0131n geli\u015fimine \u00f6nc\u00fcl\u00fck etti. Saussure \u00f6zellikle <strong>g\u00f6stergebilim<\/strong> ve <strong>yap\u0131salc\u0131l\u0131\u011f\u0131n<\/strong> geli\u015fmesinde kritik rol oynad\u0131. <\/li>\n<\/ol>\n<p>Uma vez feito isso, o sistema foi instalado. Kelimelerin de\u011feri, i\u00e7inde bulunduklar\u0131 sistemden gelir. Depois disso, felsefenin dil konusuna yakla\u015f\u0131m\u0131n\u0131 kal\u0131c\u0131 olarak de\u011fi\u015ftirdi. <\/p>\n<h3>20. Y\u00fczy\u0131l: Russell e Wittgenstein&#8217;\u0131n Miras\u0131<\/h3>\n<p>G\u00fcn\u00fcm\u00fczdeki dil felsefesi incelemeleri genericle 20. y\u00fczy\u0131l ba\u015flar\u0131ndaki d\u00fc\u015f\u00fcn\u00fcrlerle ba\u015flar. Bertrand Russell e Ludwig Wittgenstein&#8217;\u0131n dil ve mant\u0131k alan\u0131ndaki eserleri, alan\u0131n yap\u0131 ta\u015flar\u0131 olarak an\u0131l\u0131r. <\/p>\n<blockquote>\n<p>&#8220;Dil s\u0131n\u0131rlar\u0131m\u0131zd\u0131r.&#8221; -Wittgenstein <\/p>\n<\/blockquote>\n<p>Bu iki isim, dilin sadece ileti\u015fim arac\u0131 de\u011fil, d\u00fc\u015f\u00fcncenin e d\u00fcnyan\u0131n s\u0131n\u0131rlar\u0131n\u0131 \u00e7izen bir \u00e7er\u00e7eve oldu\u011funu g\u00f6sterdi. <\/p>\n<h2>Dil Felsefesi Nedir e Neden \u00d6nemlidir?<\/h2>\n<p>Dil felsefesi, kelimelerin ve c\u00fcmlelerin nas\u0131l \u00e7al\u0131\u015ft\u0131\u011f\u0131n\u0131 inceler. Sadece dil bilgisi kurallar\u0131yla ilgilenmez. Anlam\u0131n kayna\u011f\u0131 nedir? Ger\u00e7ekli\u011fi nas\u0131l yans\u0131t\u0131r? <\/p>\n<p>Bu sorular, yapay zeka, e\u011fitim ve g\u00fcnl\u00fck ileti\u015fim i\u00e7in hayati \u00f6nem ta\u015f\u0131r. Dil felsefesi, kavram karma\u015fas\u0131n\u0131 \u00e7\u00f6zmeye \u00e7al\u0131\u015f\u0131r. <\/p>\n<p><img decoding=\"async\" class=\"aligncenter\" src=\"https:\/\/www.schooler.org.ua\/wp-content\/uploads\/2026\/09\/0c6041c58c7f4bf18fecd1210c17eff7.jpg\" alt=\"\"> <\/p>\n<h3>Temel Terimler: Anlam e Referans\u0131n Oynanmas\u0131<\/h3>\n<p>Dil felsefesine ilk ad\u0131m att\u0131\u011f\u0131n\u0131zda, kelimelerin arkas\u0131ndaki mekanizmay\u0131 \u00e7\u00f6zmek i\u00e7in kulland\u0131\u011f\u0131n\u0131z ara\u00e7lar vard\u0131r. Bunlar soyut de\u011fil, \u00e7al\u0131\u015fman\u0131n in\u015faat malzemeleri gibidir. <strong>Terim<\/strong>, tart\u0131\u015fman\u0131n s\u0131n\u0131rlar\u0131n\u0131 \u00e7izer. <strong>\u00d6zne<\/strong>, c\u00fcmlenin merkezine otururken <strong>y\u00fcklem<\/strong>, ona bir \u00f6zellik veya eylem atar. Ama burada durmak yetmez. <strong>Anlam<\/strong>, kelimelerin zihinde yaratt\u0131\u011f\u0131 izdir. <strong>Kavram<\/strong>, ise o izi somutla\u015ft\u0131ran zihinsel kal\u0131pt\u0131r.<\/p>\n<p>Daha derine inerseniz, <strong>g\u00f6nderme<\/strong> devreye gire. Kelime neyi i\u015faret eder? Ger\u00e7ek d\u00fcnyadaki bir nesneyi mi, yoksa sadece ba\u015fka bir kelimeyi mi? Bu soru, <strong>ba\u011flam<\/strong> olmadan cevaplanamaz. Ayn\u0131 c\u00fcmle, farkl\u0131 bir ortamda tamamen farkl\u0131 <strong>do\u011fruluk de\u011feri<\/strong> ta\u015f\u0131yabilir. &#8220;Ya\u011fmur ya\u011f\u0131yor&#8221; cumlesi, g\u00fcne\u015fli bir g\u00fcn\u00fcn ortas\u0131nda yanl\u0131\u015f olabilir; \u015fim\u015fek \u00e7akan bir ak\u015fam\u00fcst\u00fcnde ise do\u011fru. <\/p>\n<h3>Mant\u0131ksal \u00c7er\u00e7eve: \u0130\u00e7lem ve Kaplam<\/h3>\n<p>Burada \u00e7o\u011fu insan tak\u0131l\u0131r. <strong>\u0130\u00e7lem<\/strong> ile <strong>kaplam<\/strong> aras\u0131ndaki fark, mant\u0131k felsefesinin omurgas\u0131d\u0131r. Basit\u00e7e s\u00f6ylemek gerekirse: <\/p>\n<ul>\n<li><strong>Kaplam:<\/strong> Bir terimin kapsam\u0131na giren t\u00fcm nesnelerin toplam\u0131. &#8220;Meyve&#8221; kelimesinin kaplamas\u0131 elma, armut, kiraz demektir. <\/li>\n<li><strong>\u0130\u00e7lem:<\/strong> Bir nesnenin sahip oldu\u011fu \u00f6zelliklerin toplam\u0131. &#8220;Elma&#8221;n\u0131n i\u00e7lemine bakt\u0131\u011f\u0131n\u0131zda; yenilebilir, \u00e7ekirdekli, a\u011fa\u00e7 \u00fcr\u00fcn\u00fcy\u00fc gibi \u00f6zellikleri g\u00f6r\u00fcrs\u00fcn\u00fcz. <\/li>\n<\/ul>\n<p>Bu ayr\u0131m, neden &#8220;t\u00fcm ku\u011fular beyazd\u0131r&#8221; demenin tehlikeli oldu\u011funu g\u00f6sterir. Kaplam\u0131 de\u011fi\u015ftirdik\u00e7e (\u00f6rne\u011fin Avustralya&#8217;ya gitti\u011finizde), i\u00e7indekiler de\u011fi\u015fir. \u0130\u00e7lem ise sabit kalmaya \u00e7al\u0131\u015f\u0131r, ama do\u011fruluk de\u011feri sorgulan\u0131r. <\/p>\n<h3>Dil Felsefesi Kuramlar\u0131na Giri\u015f<\/h3>\n<p>Peki, bu terimleri nas\u0131l birle\u015ftiriyoruz? Dil felsefesi tek bir ses de\u011fil, bir dizi <strong>kuram<\/strong> \u00e7ak\u0131\u015fmas\u0131d\u0131r. <\/p>\n<ol>\n<li><strong>Referans Teorisi:<\/strong> Kelimeler d\u00fcnyadaki \u015feylere &#8220;\u00e7ivileme&#8221; yapar. E\u011fer &#8220;Napole\u00e3o&#8221; demiyorsan\u0131z, ou kelimenin anlam\u0131 yoktur. <\/li>\n<li><strong>Anlam Teorisi (Fregeci Yakla\u015f\u0131m):<\/strong> Kelimelerin bir &#8220;duygusu&#8221; (Sinn) e bir &#8220;referans\u0131&#8221; (Bedeutung) vard\u0131r. &#8220;Sabah Y\u0131ld\u0131z\u0131&#8221; e &#8220;Ak\u015fam Y\u0131ld\u0131z\u0131&#8221; farkl\u0131 anlamlara sahiptir, ancak ikisi de Ven\u00fcs&#8217;e referens eder. Burada <strong>ba\u011flam<\/strong> cr\u00edtica rol oynar. Hangi pencereden bak\u0131yorsunuz? <\/li>\n<li>**Kullan\u0131m Te <\/li>\n<\/ol>\n<p><img decoding=\"async\" class=\"aligncenter\" src=\"https:\/\/www.schooler.org.ua\/wp-content\/uploads\/2026\/09\/d377cd1b6d6341238d4d85e64fdcdfc5.jpg\" alt=\"\"> <\/p>\n<p>Dil felsefesi derin bir yar\u0131kt\u0131r. \u0130\u00e7ine bakt\u0131\u011f\u0131n\u0131zda &#8220;anlam&#8221;\u0131n asl\u0131nda ne oldu\u011funu sorgulamadan ge\u00e7emezsiniz. Mas a teoria \u00e9 diferente. Seu biri farkl\u0131 bir pencereden bak\u0131yor. <\/p>\n<h3>Fikir Teorileri: Zihindeki Resimler<\/h3>\n<p>Bu g\u00f6r\u00fc\u015fe g\u00f6re anlam tamamen zihinsel. \u0130\u00e7erikler beyninizde olu\u015fur. John Locke, George Berkeley e David Hume fizeram do ampirismo ingl\u00eas uma obra-prima. <\/p>\n<p>Siz &#8220;elma&#8221; dedi\u011finizde akl\u0131n\u0131za k\u0131rm\u0131z\u0131 um dos melhores geliyor. \u0130\u015fte o g\u00f6r\u00fcnt\u00fc anlamd\u0131r. Kelime \u00e9 uma etiqueta. Ger\u00e7ek olan zihindeki resimdir. Mas teori basit g\u00f6r\u00fcn\u00fcr. Ama sorunlar\u0131 var. Herkesin akl\u0131ndaki elma ayn\u0131 m\u0131? Hayir. Onun i\u00e7in de bu eksiklikleri ta\u015f\u0131r. <\/p>\n<h3>Ger\u00e7ek-Durumsal Teorizador: Nesneleri Adland\u0131rmak<\/h3>\n<p>Burada matematik dili ile do\u011fal dil birle\u015fir. Gottlob Frege bu g\u00f6r\u00fc\u015f\u00fcn kilit ismi. <\/p>\n<p>Ona g\u00f6re anlam bir nesneyi zihninizde belirler. Adland\u0131rma i\u015flemi anlam sayesinde ger\u00e7ekle\u015fir. Kelimeler bir araya gelince d\u00fc\u015f\u00fcnce olu\u015fur. Anlam, nesneyi zihinsel olarak i\u015faretler. Bu yakla\u015f\u0131mda anlam d\u0131\u015f d\u00fcnyadaki objelerle do\u011frudan ili\u015fkilidir. <\/p>\n<h3>Dil Kullan\u0131m Teorileri: Topluluk Kurallar\u0131<\/h3>\n<p>Ludwig Wittgenstein \u00e9 um dos fundadores. \u00d6zellikle topluluklar\u0131n dil kullan\u0131m\u0131na odaklan\u0131r. <\/p>\n<p>Dil bir ara\u00e7 de\u011fil bir eylemdir. John Austin&#8217;in &#8220;s\u00f6z edimleri&#8221; kavram\u0131 buna \u00f6rnek. Konu\u015fmak bir \u015fey yapmak demektir. Wittgenstein&#8217;\u0131n ge\u00e7 d\u00f6nem &#8220;dil oyunlar\u0131&#8221; fikri de ayn\u0131 y\u00f6ndedir. Dil oyunlar\u0131 vard\u0131r. Kurallar\u0131 topluluk belirler. Anlam burada sabit de\u011fildir. Kullan\u0131ma ser\u00e1 removido. <\/p>\n<h3>Refer\u00eancias Teorileri: Kelimeler ve D\u00fcnya<\/h3>\n<p>Anlam kafada de\u011fil. \u0130\u015faretlere ba\u011fl\u0131d\u0131r. Tyler Burge e Saul Kripke foram teoricamente confirmados.<\/p>\n<p>S\u00f6zc\u00fcklerin anlamlar\u0131 d\u0131\u015f d\u00fcnyada ya\u015fananlarla ilgilidir. Bir kelimeyi kulland\u0131\u011f\u0131n\u0131zda asl\u0131nda ou kelimenin referens etti\u011fi \u015feye bakars\u0131n\u0131z. Zihinsel s\u00fcre\u00e7 ikinci plandad\u0131r. \u00d6nemli olan kelimenin d\u00fcnyadaki kar\u015f\u0131l\u0131\u011f\u0131d\u0131r. Bu yakla\u015f\u0131m anlam\u0131n nesnel oldu\u011funu savunur. <\/p>\n<h3>Do\u011frulama Teorileri: Pozitivizmin \u0130zi<\/h3>\n<ol>\n<li>y\u00fczy\u0131l\u0131n pozitivisti bilim insanlar\u0131 bu g\u00f6r\u00fc\u015f\u00fc savundu. <\/li>\n<\/ol>\n<p>Anlam\u0131 do\u011frulama ou yalanlama y\u00f6ntemiyle \u00f6l\u00e7erler. Bir c\u00fcmlenin anlam\u0131, onu nas\u0131l test edebilece\u011fimizle belirlenir. E\u011fer do\u011frulanam\u0131yorsa anlams\u0131z say\u0131l\u0131r. Bu yakla\u015f\u0131m bilimsel dilin s\u0131n\u0131rlar\u0131n\u0131 \u00e7izer. Seu \u015feyi \u00f6l\u00e7\u00fclemeyen \u015fey anlamd\u0131\u015f\u0131 ilan edilir. <\/p>\n<h3>Teoriler Pragm\u00e1tico: Sonu\u00e7lar Her \u015eey<\/h3>\n<p>Cumlenin <\/p>\n<p><img decoding=\"async\" class=\"aligncenter\" src=\"https:\/\/www.schooler.org.ua\/wp-content\/uploads\/2026\/09\/ff05c91877ac4d0c942c8ec6812ebb35.jpg\" alt=\"\"> <\/p>\n<p><img decoding=\"async\" class=\"aligncenter\" src=\"https:\/\/www.schooler.org.ua\/wp-content\/uploads\/2026\/09\/7fae944a6d354c6a910ffd0a0ea6739c.jpg\" alt=\"\"> <\/p>\n<h3>Como a linguagem molda a realidade<\/h3>\n<p>A linguagem \u00e9 a base do pensamento humano. N\u00e3o \u00e9 apenas uma ferramenta que escolhemos; \u00e9 a estrutura que mant\u00e9m unida a nossa compreens\u00e3o do mundo. Quando olhamos para a <strong>filosofia da linguagem<\/strong>, estamos fazendo uma pergunta pesada: nossa fala reflete a realidade ou a constr\u00f3i? <\/p>\n<p>A evolu\u00e7\u00e3o da linguagem nos deu o poder de conceituar a exist\u00eancia. Mas aqui est\u00e1 o problema. O reflexo n\u00e3o \u00e9 perfeito. Nunca \u00e9. <\/p>\n<p>Dil felsefesi (filosofia da linguagem) explora a liga\u00e7\u00e3o entre fala e subst\u00e2ncia. Ele investiga como as palavras s\u00e3o mapeadas no mundo f\u00edsico. Mas esse mapa est\u00e1 distorcido. Sempre. <\/p>\n<h3>Por que a tradu\u00e7\u00e3o falha<\/h3>\n<p>As palavras n\u00e3o t\u00eam significados universais. Eles est\u00e3o ligados a culturas, \u00e9pocas e estruturas sociais espec\u00edficas. Um conceito que faz sentido em uma sociedade pode ser algo sem sentido em outra. \u00c9 por isso que <strong>a filosofia da linguagem<\/strong> \u00e9 importante para qualquer pessoa que tente compreender a comunica\u00e7\u00e3o intercultural. <\/p>\n<p>Se voc\u00ea acha que as defini\u00e7\u00f5es do seu dicion\u00e1rio est\u00e3o fixas, pense novamente. O significado muda com o contexto. Ele muda com inten\u00e7\u00e3o. <\/p>\n<p>\u00c0s vezes usamos a linguagem para transmitir a verdade. Outras vezes, usamos isso para manipular. A estrutura de uma frase pode tanto esconder quanto revelar. \u00c9 aqui que a <strong>natureza da linguagem<\/strong> se torna perigosa. N\u00e3o \u00e9 um espelho neutro. \u00c9 uma lente. E as lentes podem ser coloridas. <\/p>\n<h3>Quem definiu as regras?<\/h3>\n<p>Voc\u00ea n\u00e3o pode falar sobre esse campo sem nomear os pesos pesados. A hist\u00f3ria da <strong>filosofia da linguagem<\/strong> est\u00e1 repleta de gigantes. <\/p>\n<ul>\n<li><strong>S\u00f3crates, Plat\u00e3o, Arist\u00f3teles<\/strong> lan\u00e7aram as primeiras bases, ligando nomes a coisas. <\/li>\n<li><strong>Ren\u00e9 Descartes<\/strong> trouxe a mente para a mistura. <\/li>\n<li><strong>Ludwig Wittgenstein<\/strong> mudou tudo. Ele argumentou que significado \u00e9 uso. Se voc\u00ea n\u00e3o us\u00e1-la corretamente em um \u201cjogo de linguagem\u201d, a palavra n\u00e3o ter\u00e1 significado. <\/li>\n<li><strong>Noam Chomsky<\/strong> mudou o foco para os fundamentos biol\u00f3gicos e estruturais da sintaxe. <\/li>\n<\/ul>\n<p>Esses pensadores n\u00e3o debateram apenas a sem\u00e2ntica. Eles debateram como pensamos. <\/p>\n<h3>Ferramentas anal\u00edticas para pensamento<\/h3>\n<p>Como estudamos isso? N\u00f3s n\u00e3o apenas adivinhamos. Usamos o <strong>m\u00e9todo anal\u00edtico<\/strong>. <\/p>\n<p>Isso envolve dividir as senten\u00e7as em seus componentes l\u00f3gicos. Ele usa ferramentas lingu\u00edsticas para dissecar argumentos. Ele pergunta: <em>O que esta frase realmente faz?<\/em> Ela descreve um fato? Ele emite um comando? Ou \u00e9 um ru\u00eddo sem sentido?<\/p>\n<p>Os pesquisadores tamb\u00e9m usam <strong>m\u00e9todos observacionais<\/strong>. Eles observam como as pessoas realmente falam. N\u00e3o \u00e9 como os livros dizem que eles <em>deveriam<\/em> falar. O uso real revela as lacunas entre teoria e pr\u00e1tica. Mostra-nos como a <strong>linguagem e a sociedade<\/strong> interagem em tempo real. <\/p>\n<h3>A lacuna entre a palavra e o mundo<\/h3>\n<p>Por que essa distin\u00e7\u00e3o \u00e9 importante para voc\u00ea? <\/p>\n<p>Se voc\u00ea acredita que a linguagem \u00e9 uma janela transparente perfeita, voc\u00ea est\u00e1 se decepcionando. N\u00e3o \u00e9. \u00c9 um filtro. <\/p>\n<p>Considere as palavras \u201cliberdade\u201d, \u201cjusti\u00e7a\u201d ou \u201csucesso\u201d. Eles parecem s\u00f3lidos. Mas o seu conte\u00fado \u00e9 vazio at\u00e9 ser definido por um contexto espec\u00edfico. Duas pessoas podem usar a mesma palavra e significar coisas totalmente diferentes. <\/p>\n<p>Este \u00e9 o problema central da <strong>linguagem e do pensamento<\/strong>. Assumimos compreens\u00e3o compartilhada. Raramente conseguimos isso. <\/p>\n<p>A filosofia da linguagem nos obriga a ser precisos. Para verificar nossas suposi\u00e7\u00f5es. Perceber que quando falamos n\u00e3o estamos apenas descrevendo o mundo. Estamos participando de sua constru\u00e7\u00e3o. <\/p>\n<p>E essa constru\u00e7\u00e3o est\u00e1 sempre incompleta.<\/p>\n","protected":false},"excerpt":{"rendered":"<p>Conversamos o tempo todo. N\u00f3s mandamos mensagens. N\u00f3s discutimos. Escrevemos romances. Mas voc\u00ea j\u00e1 parou para pensar sobre a verdadeira mec\u00e2nica do significado? N\u00e3o apenas o que voc\u00ea pensa que est\u00e1 dizendo, mas como a pr\u00f3pria linguagem constr\u00f3i a realidade? Esse \u00e9 o dom\u00ednio da filosofia da linguagem. N\u00e3o se trata apenas de lingu\u00edstica \u2013 [&hellip;]<\/p>\n","protected":false},"author":1,"featured_media":8113,"comment_status":"open","ping_status":"open","sticky":false,"template":"","format":"standard","meta":{"tdm_status":"","tdm_grid_status":""},"categories":[43],"tags":[],"wpm_language_slugs":{"cs":"proc-na-filozofii-jazyka-zalezi-od-starovekeho-recka-k-modernimu","de":"warum-sprachphilosophie-wichtig-ist-vom-antiken-griechenland-zum","en":"why-language-philosophy-matters-from-ancient-greece-to-modern-thought","es":"por-que-es-importante-la-filosofia-del-lenguaje-de-la-antigua-grecia","fr":"pourquoi-la-philosophie-du-langage-est-importante-de-la-grece","id":"mengapa-filsafat-bahasa-penting-dari-yunani-kuno-hingga-pemikiran","it":"perche-la-filosofia-del-linguaggio-e-importante-dallantica-grecia-al","nl":"waarom-taalfilosofie-ertoe-doet-van-het-oude-griekenland-tot-het","pl":"dlaczego-filozofia-jezyka-ma-znaczenie-od-starozytnej-grecji-do","pt":"por-que-a-filosofia-da-linguagem-e-importante-da-grecia-antiga-ao","ru-ru":"pochemu-filosofija-jazyka-vazhna-ot-drevnej-gretsii-do-sovremennoj","uk-ua":"chomu-filosofija-movi-vazhliva-vid-starodavnoyi-gretsiyi-do-suchasnoyi"},"amp_enabled":true,"_links":{"self":[{"href":"https:\/\/www.schooler.org.ua\/pt\/wp-json\/wp\/v2\/posts\/8122"}],"collection":[{"href":"https:\/\/www.schooler.org.ua\/pt\/wp-json\/wp\/v2\/posts"}],"about":[{"href":"https:\/\/www.schooler.org.ua\/pt\/wp-json\/wp\/v2\/types\/post"}],"author":[{"embeddable":true,"href":"https:\/\/www.schooler.org.ua\/pt\/wp-json\/wp\/v2\/users\/1"}],"replies":[{"embeddable":true,"href":"https:\/\/www.schooler.org.ua\/pt\/wp-json\/wp\/v2\/comments?post=8122"}],"version-history":[{"count":0,"href":"https:\/\/www.schooler.org.ua\/pt\/wp-json\/wp\/v2\/posts\/8122\/revisions"}],"wp:featuredmedia":[{"embeddable":true,"href":"https:\/\/www.schooler.org.ua\/pt\/wp-json\/wp\/v2\/media\/8113"}],"wp:attachment":[{"href":"https:\/\/www.schooler.org.ua\/pt\/wp-json\/wp\/v2\/media?parent=8122"}],"wp:term":[{"taxonomy":"category","embeddable":true,"href":"https:\/\/www.schooler.org.ua\/pt\/wp-json\/wp\/v2\/categories?post=8122"},{"taxonomy":"post_tag","embeddable":true,"href":"https:\/\/www.schooler.org.ua\/pt\/wp-json\/wp\/v2\/tags?post=8122"}],"curies":[{"name":"wp","href":"https:\/\/api.w.org\/{rel}","templated":true}]}}