{"id":8135,"date":"2026-09-04T15:23:09","date_gmt":"2026-09-04T12:23:09","guid":{"rendered":"https:\/\/www.schooler.org.ua\/kolektivni-ta-individualni-imenniki-praktichnij-posibnik-dlja-tih\/"},"modified":"2026-09-04T15:23:09","modified_gmt":"2026-09-04T12:23:09","slug":"kolektivni-ta-individualni-imenniki-praktichnij-posibnik-dlja-tih","status":"publish","type":"post","link":"https:\/\/www.schooler.org.ua\/pt\/substantivos-coletivos-versus-individuais-um-guia-pratico-para\/","title":{"rendered":"Substantivos coletivos versus individuais: um guia pr\u00e1tico para alunos de l\u00ednguas"},"content":{"rendered":"<p>A maioria das pessoas pensa que um substantivo \u00e9 apenas uma pessoa, lugar ou coisa. Eles n\u00e3o est\u00e3o errados. Mas alguns substantivos s\u00e3o complicados. Eles parecem singulares. Eles agem de forma singular. No entanto, eles descrevem um grupo enorme. <\/p>\n<p>Estes s\u00e3o substantivos coletivos. <\/p>\n<p>Compreender a diferen\u00e7a entre substantivos coletivos e individuais muda a forma como voc\u00ea v\u00ea a linguagem. Simplifica a comunica\u00e7\u00e3o. Permite falar sobre uma floresta inteira sem listar todas as \u00e1rvores. <\/p>\n<p>Vamos analisar a mec\u00e2nica. <\/p>\n<h2>O que s\u00e3o substantivos coletivos?<\/h2>\n<p>Um substantivo coletivo representa um grupo de elementos que compartilham caracter\u00edsticas comuns. \u00c9 uma \u00fanica palavra para uma cole\u00e7\u00e3o. <\/p>\n<p>Pense na palavra <em>rebanho<\/em>. Uma palavra. Mas cont\u00e9m muitos animais. <\/p>\n<p>Exemplos comuns incluem:<br>\n&#8211; <strong>Reba\u00f1o<\/strong> (rebanho\/rebanho de ovelhas)<br>\n&#8211; <strong>Manada<\/strong> (matilha de lobos\/animais)<br>\n&#8211; <strong>Equipo<\/strong> (equipe)<br>\n&#8211; <strong>Baraja<\/strong> (baralho de cartas)<br>\n&#8211; <strong>Olivar<\/strong> (olival)<br>\n&#8211; <strong>Cuberter\u00eda<\/strong> (conjunto de talheres)<br>\n&#8211; <strong>Flor<\/strong> (buqu\u00ea\/ramo de flores) <\/p>\n<p>A gram\u00e1tica \u00e9 rigorosa aqui. Embora o significado seja plural, o pr\u00f3prio substantivo permanece singular. <\/p>\n<blockquote>\n<p>&#8220;Manada&#8221; \u00e9 singular. Descreve le\u00f5es. Os le\u00f5es s\u00e3o plurais. O grupo \u00e9 uma unidade. <\/p>\n<\/blockquote>\n<h2>O que s\u00e3o substantivos individuais?<\/h2>\n<p>Substantivos individuais s\u00e3o diretos. Eles nomeiam uma entidade. Um objeto. Um ser. <\/p>\n<p>Se \u201cmanada\u201d \u00e9 o grupo, \u201cle\u00f3n\u201d (le\u00e3o) \u00e9 o indiv\u00edduo. <\/p>\n<p>Os exemplos incluem:<br>\n&#8211; <strong>Oveja<\/strong> (ovelha)<br>\n&#8211; <strong>Lobo<\/strong> (lobo)<br>\n&#8211; <strong>Jugador<\/strong> (jogador)<br>\n&#8211; <strong>Carta<\/strong> (cart\u00e3o)<br>\n&#8211; <strong>Olivo<\/strong> (oliveira)<br>\n&#8211; <strong>Tenedor<\/strong> (garfo)<br>\n&#8211; <strong>Ramo<\/strong> (elemento de haste \u00fanica\/buqu\u00ea) <\/p>\n<p>Ambas as categorias abrangem animais, pessoas, objetos, lugares e conceitos. Saber qual \u00e9 qual ajuda voc\u00ea a escolher a concord\u00e2ncia verbal correta e esclarece sua mensagem. <\/p>\n<h2>Pares Coletivos e Individuais de Animais<\/h2>\n<p>Os animais muitas vezes t\u00eam termos coletivos espec\u00edficos. Usar o termo correto adiciona precis\u00e3o. <\/p>\n<table>\n<thead>\n<tr>\n<th style=\"text-align: left;\">Substantivo Coletivo<\/th>\n<th style=\"text-align: left;\">Substantivo individual<\/th>\n<\/tr>\n<\/thead>\n<tbody>\n<tr>\n<td style=\"text-align: left;\"><strong>Reba\u00f1o<\/strong> <\/td>\n<td style=\"text-align: left;\">Oveja<\/td>\n<\/tr>\n<tr>\n<td style=\"text-align: left;\"><strong>Banda<\/strong> <\/td>\n<td style=\"text-align: left;\">Avenida<\/td>\n<\/tr>\n<tr>\n<td style=\"text-align: left;\"><strong>Banco<\/strong> <\/td>\n<td style=\"text-align: left;\">Pez<\/td>\n<\/tr>\n<tr>\n<td style=\"text-align: left;\"><strong>Enjambre<\/strong> <\/td>\n<td style=\"text-align: left;\">Abeja<\/td>\n<\/tr>\n<tr>\n<td style=\"text-align: left;\"><strong>Cabalada<\/strong> <\/td>\n<td style=\"text-align: left;\">Caballo<\/td>\n<\/tr>\n<tr>\n<td style=\"text-align: left;\"><strong>Nube<\/strong> <\/td>\n<td style=\"text-align: left;\">Mosquito<\/td>\n<\/tr>\n<tr>\n<td style=\"text-align: left;\"><strong>Piara<\/strong> <\/td>\n<td style=\"text-align: left;\">Cerdo<\/td>\n<\/tr>\n<tr>\n<td style=\"text-align: left;\"><strong>Cl\u00e3<\/strong> <\/td>\n<td style=\"text-align: left;\">Hiena<\/td>\n<\/tr>\n<tr>\n<td style=\"text-align: left;\"><strong>Jaur\u00eda<\/strong> <\/td>\n<td style=\"text-align: left;\">Perro de caza<\/td>\n<\/tr>\n<tr>\n<td style=\"text-align: left;\"><strong>Hormiguero<\/strong> <\/td>\n<td style=\"text-align: left;\">Hormiga<\/td>\n<\/tr>\n<tr>\n<td style=\"text-align: left;\"><strong>Camada<\/strong> <\/td>\n<td style=\"text-align: left;\">Cachorro<\/td>\n<\/tr>\n<tr>\n<td style=\"text-align: left;\"><strong>Manada<\/strong> <\/td>\n<td style=\"text-align: left;\">Lobo, Le\u00e3o, Elefante<\/td>\n<\/tr>\n<\/tbody>\n<\/table>\n<p>Por que isso importa? Se voc\u00ea disser \u201cuma matilha de lobos\u201d, estar\u00e1 insinuando um grupo de ca\u00e7a social. Se voc\u00ea disser \u201clobos\u201d, pode estar se referindo apenas a dois deles em um parque. O contexto muda com o coletivo. <\/p>\n<h2>Pessoas e grupos<\/h2>\n<p>As organiza\u00e7\u00f5es humanas dependem fortemente de substantivos coletivos. Eles definem a estrutura. <\/p>\n<table>\n<thead>\n<tr>\n<th style=\"text-align: left;\">Substantivo Coletivo<\/th>\n<th style=\"text-align: left;\">Substantivo individual<\/th>\n<\/tr>\n<\/thead>\n<tbody>\n<tr>\n<td style=\"text-align: left;\"><strong>Ej\u00e9rcito<\/strong> <\/td>\n<td style=\"text-align: left;\">Soldado<\/td>\n<\/tr>\n<tr>\n<td style=\"text-align: left;\"><strong>Cofradia<\/strong> <\/td>\n<td style=\"text-align: left;\">Devoto<\/td>\n<\/tr>\n<tr>\n<td style=\"text-align: left;\"><strong>Fam\u00edlia<\/strong> <\/td>\n<td style=\"text-align: left;\">Miembro<\/td>\n<\/tr>\n<tr>\n<td style=\"text-align: left;\"><strong>Aluno<\/strong> <\/td>\n<td style=\"text-align: left;\">Estudante<\/td>\n<\/tr>\n<tr>\n<td style=\"text-align: left;\"><strong>Gr\u00eamio<\/strong> <\/td>\n<td style=\"text-align: left;\">Trabalhador<\/td>\n<\/tr>\n<tr>\n<td style=\"text-align: left;\"><strong>Elenco<\/strong> <\/td>\n<td style=\"text-align: left;\">Ator<\/td>\n<\/tr>\n<tr>\n<td style=\"text-align: left;\"><strong>Tropas<\/strong> <\/td>\n<td style=\"text-align: left;\">Explorador, Soldado<\/td>\n<\/tr>\n<tr>\n<td style=\"text-align: left;\"><strong>Vecind\u00e1rio<\/strong> <\/td>\n<td style=\"text-align: left;\">Vecino<\/td>\n<\/tr>\n<tr>\n<td style=\"text-align: left;\"><strong>Orquestra<\/strong> <\/td>\n<td style=\"text-align: left;\">M\u00fasica<\/td>\n<\/tr>\n<tr>\n<td style=\"text-align: left;\"><strong>Coro<\/strong> <\/td>\n<td style=\"text-align: left;\">Cantante<\/td>\n<\/tr>\n<tr>\n<td style=\"text-align: left;\"><strong>Tropel<\/strong> <\/td>\n<td style=\"text-align: left;\">Indiv\u00edduo<\/td>\n<\/tr>\n<tr>\n<td style=\"text-align: left;\"><strong>Horda<\/strong> <\/td>\n<td style=\"text-align: left;\">N\u00f3mada<\/td>\n<\/tr>\n<tr>\n<td style=\"text-align: left;\"><strong>Professor<\/strong> <\/td>\n<td style=\"text-align: left;\">Professor<\/td>\n<\/tr>\n<tr>\n<td style=\"text-align: left;\"><strong>Companhia<\/strong> <\/td>\n<td style=\"text-align: left;\">Bailar\u00edn<\/td>\n<\/tr>\n<tr>\n<td style=\"text-align: left;\"><strong>Quaadrilha<\/strong> <\/td>\n<td style=\"text-align: left;\">Albanil<\/td>\n<\/tr>\n<tr>\n<td style=\"text-align: left;\"><strong>P\u00fablico<\/strong> <\/td>\n<td style=\"text-align: left;\">Espectador<\/td>\n<\/tr>\n<tr>\n<td style=\"text-align: left;\"><strong>Patrula<\/strong> <\/td>\n<td style=\"text-align: left;\">Pol\u00edtica<\/td>\n<\/tr>\n<\/tbody>\n<\/table>\n<p>Considere &#8220;Alumnado&#8221; (corpo discente). Voc\u00ea n\u00e3o diz \u201cos corpos estudantis est\u00e3o aqui\u201d. Voc\u00ea diz &#8220;o corpo discente est\u00e1 aqui&#8221;. O verbo no singular corresponde ao substantivo coletivo no singular, mesmo que dezenas de pessoas estejam presentes. <\/p>\n<h2>Objetos e cole\u00e7\u00f5es<\/h2>\n<p>Os objetos tornam-se coletivos quando agrupados por fun\u00e7\u00e3o ou localiza\u00e7\u00e3o.<\/p>\n<table>\n<thead>\n<tr>\n<th style=\"text-align: left;\">Substantivo Coletivo<\/th>\n<th style=\"text-align: left;\">Substantivo individual<\/th>\n<\/tr>\n<\/thead>\n<tbody>\n<tr>\n<td style=\"text-align: left;\"><strong>Biblioteca<\/strong> <\/td>\n<td style=\"text-align: left;\">Livro<\/td>\n<\/tr>\n<tr>\n<td style=\"text-align: left;\"><strong>Esquadr\u00e3o<\/strong> <\/td>\n<td style=\"text-align: left;\">Avi\u00e3o<\/td>\n<\/tr>\n<tr>\n<td style=\"text-align: left;\"><strong>Rista<\/strong> <\/td>\n<td style=\"text-align: left;\">Ajo<\/td>\n<\/tr>\n<tr>\n<td style=\"text-align: left;\"><strong>Col\u00f4nia<\/strong> <\/td>\n<td style=\"text-align: left;\">Moradia<\/td>\n<\/tr>\n<tr>\n<td style=\"text-align: left;\"><strong>Arquipi\u00e9lago<\/strong> <\/td>\n<td style=\"text-align: left;\">Ilha<\/td>\n<\/tr>\n<tr>\n<td style=\"text-align: left;\"><strong>Manojo<\/strong> <\/td>\n<td style=\"text-align: left;\">Esparrago<\/td>\n<\/tr>\n<tr>\n<td style=\"text-align: left;\"><strong>Bosque<\/strong> <\/td>\n<td style=\"text-align: left;\">\u00c1rbol<\/td>\n<\/tr>\n<tr>\n<td style=\"text-align: left;\"><strong>Vajilla<\/strong> <\/td>\n<td style=\"text-align: left;\">Plat\u00e3o<\/td>\n<\/tr>\n<tr>\n<td style=\"text-align: left;\"><strong>Ramos<\/strong> <\/td>\n<td style=\"text-align: left;\">Flor<\/td>\n<\/tr>\n<tr>\n<td style=\"text-align: left;\"><strong>Religi\u00e3o<\/strong> <\/td>\n<td style=\"text-align: left;\">Dogma<\/td>\n<\/tr>\n<tr>\n<td style=\"text-align: left;\"><strong>Cosecha<\/strong> <\/td>\n<td style=\"text-align: left;\">Fruto<\/td>\n<\/tr>\n<tr>\n<td style=\"text-align: left;\"><strong>Constela\u00e7\u00e3o<\/strong> <\/td>\n<td style=\"text-align: left;\">Estrela<\/td>\n<\/tr>\n<tr>\n<td style=\"text-align: left;\"><strong>Pinar<\/strong> <\/td>\n<td style=\"text-align: left;\">Pino<\/td>\n<\/tr>\n<tr>\n<td style=\"text-align: left;\"><strong>Cordilheira<\/strong> <\/td>\n<td style=\"text-align: left;\">Montanha<\/td>\n<\/tr>\n<tr>\n<td style=\"text-align: left;\"><strong>Baraj\u00e1<\/strong> <\/td>\n<td style=\"text-align: left;\">Na\u00edpe<\/td>\n<\/tr>\n<tr>\n<td style=\"text-align: left;\"><strong>R\u00e1cimo<\/strong> <\/td>\n<td style=\"text-align: left;\">Uva<\/td>\n<\/tr>\n<tr>\n<td style=\"text-align: left;\"><strong>Galeria<\/strong> <\/td>\n<td style=\"text-align: left;\">Retrato<\/td>\n<\/tr>\n<tr>\n<td style=\"text-align: left;\"><strong>Sistema<\/strong> <\/td>\n<td style=\"text-align: left;\">\u00d3rg\u00e3o<\/td>\n<\/tr>\n<tr>\n<td style=\"text-align: left;\"><strong>Ideologia<\/strong> <\/td>\n<td style=\"text-align: left;\">Id\u00e9ia<\/td>\n<\/tr>\n<\/tbody>\n<\/table>\n<p>Pense em um \u201cbaralho de cartas\u201d (<em>baraja<\/em> ). \u00c9 um objeto. Mas dentro est\u00e3o cinquenta e dois cart\u00f5es individuais (<em>naipes<\/em> ). O coletivo simplifica a carga mental. Voc\u00ea n\u00e3o conta as cartas. Voc\u00ea segura o baralho. <\/p>\n<h2>Usando substantivos coletivos em frases<\/h2>\n<p>Veja como a gram\u00e1tica funciona em a\u00e7\u00e3o. O verbo permanece no singular. <\/p>\n<ul>\n<li>O document\u00e1rio \u00e9 sobre uma <strong>matilha<\/strong> de le\u00f5es. (<em>El documental trata sobre una manada de leones.<\/em> ) <\/li>\n<li>Javier faz parte do <strong>elenco<\/strong>. (*Javier \u00e9 um dos<\/li>\n<\/ul>\n","protected":false},"excerpt":{"rendered":"<p>A maioria das pessoas pensa que um substantivo \u00e9 apenas uma pessoa, lugar ou coisa. Eles n\u00e3o est\u00e3o errados. Mas alguns substantivos s\u00e3o complicados. Eles parecem singulares. Eles agem de forma singular. No entanto, eles descrevem um grupo enorme. Estes s\u00e3o substantivos coletivos. Compreender a diferen\u00e7a entre substantivos coletivos e individuais muda a forma como [&hellip;]<\/p>\n","protected":false},"author":1,"featured_media":8127,"comment_status":"open","ping_status":"open","sticky":false,"template":"","format":"standard","meta":{"tdm_status":"","tdm_grid_status":""},"categories":[49],"tags":[],"wpm_language_slugs":{"cs":"spolecna-a-individualni-podstatna-jmena-prakticky-pruvodce-pro","de":"kollektive-vs-individuelle-substantive-ein-praktischer-leitfaden-fur","en":"collective-vs-individual-nouns-a-practical-guide-for-language-learners","es":"sustantivos-colectivos-versus-individuales-una-guia-practica-para","fr":"noms-collectifs-ou-noms-individuels-un-guide-pratique-pour-les","id":"kata-benda-kolektif-vs-individu-panduan-praktis-untuk-pembelajar","it":"nomi-collettivi-e-individuali-una-guida-pratica-per-studenti-di-lingue","nl":"collectieve-versus-individuele-zelfstandige-naamwoorden-een-praktische","pl":"rzeczowniki-zbiorowe-i-indywidualne-praktyczny-przewodnik-dla-osob","pt":"substantivos-coletivos-versus-individuais-um-guia-pratico-para","ru-ru":"kollektivnye-i-individualnye-suschestvitelnye-prakticheskoe","uk-ua":"kolektivni-ta-individualni-imenniki-praktichnij-posibnik-dlja-tih"},"amp_enabled":true,"_links":{"self":[{"href":"https:\/\/www.schooler.org.ua\/pt\/wp-json\/wp\/v2\/posts\/8135"}],"collection":[{"href":"https:\/\/www.schooler.org.ua\/pt\/wp-json\/wp\/v2\/posts"}],"about":[{"href":"https:\/\/www.schooler.org.ua\/pt\/wp-json\/wp\/v2\/types\/post"}],"author":[{"embeddable":true,"href":"https:\/\/www.schooler.org.ua\/pt\/wp-json\/wp\/v2\/users\/1"}],"replies":[{"embeddable":true,"href":"https:\/\/www.schooler.org.ua\/pt\/wp-json\/wp\/v2\/comments?post=8135"}],"version-history":[{"count":0,"href":"https:\/\/www.schooler.org.ua\/pt\/wp-json\/wp\/v2\/posts\/8135\/revisions"}],"wp:featuredmedia":[{"embeddable":true,"href":"https:\/\/www.schooler.org.ua\/pt\/wp-json\/wp\/v2\/media\/8127"}],"wp:attachment":[{"href":"https:\/\/www.schooler.org.ua\/pt\/wp-json\/wp\/v2\/media?parent=8135"}],"wp:term":[{"taxonomy":"category","embeddable":true,"href":"https:\/\/www.schooler.org.ua\/pt\/wp-json\/wp\/v2\/categories?post=8135"},{"taxonomy":"post_tag","embeddable":true,"href":"https:\/\/www.schooler.org.ua\/pt\/wp-json\/wp\/v2\/tags?post=8135"}],"curies":[{"name":"wp","href":"https:\/\/api.w.org\/{rel}","templated":true}]}}